{"id":2926,"date":"2023-06-12T12:14:08","date_gmt":"2023-06-12T12:14:08","guid":{"rendered":"https:\/\/ville-sous-anjou.fr\/?p=2926"},"modified":"2023-06-12T12:14:09","modified_gmt":"2023-06-12T12:14:09","slug":"requetes-suite-a-lenquete-publique-du-plu","status":"publish","type":"post","link":"https:\/\/ville-sous-anjou.fr\/?p=2926","title":{"rendered":"Requ\u00eates suite \u00e0 l&rsquo;enqu\u00eate publique du PLU"},"content":{"rendered":"\n<p>Vous trouverez \u00e0 t\u00e9l\u00e9charger ci-dessous l&rsquo;ensemble des requ\u00eates \u00e9mises lors de l&rsquo;enqu\u00eate publique.<\/p>\n\n\n\n<p><a href=\"http:\/\/ville-sous-anjou.fr\/wp-content\/uploads\/2023\/06\/Requetes_vsa.zip\" target=\"_blank\" rel=\"noreferrer noopener\">Dossier requ\u00eates enqu\u00eate publique <\/a><\/p>\n","protected":false},"excerpt":{"rendered":"<p>Vous trouverez \u00e0 t\u00e9l\u00e9charger ci-dessous l&rsquo;ensemble des requ\u00eates \u00e9mises lors de l&rsquo;enqu\u00eate publique. Dossier requ\u00eates enqu\u00eate publique<\/p>\n","protected":false},"author":1,"featured_media":2539,"comment_status":"closed","ping_status":"closed","sticky":false,"template":"","format":"standard","meta":{"_exactmetrics_skip_tracking":false,"_exactmetrics_sitenote_active":false,"_exactmetrics_sitenote_note":"","_exactmetrics_sitenote_category":0,"footnotes":""},"categories":[26],"tags":[],"class_list":["post-2926","post","type-post","status-publish","format-standard","has-post-thumbnail","hentry","category-urbanisme"],"_links":{"self":[{"href":"https:\/\/ville-sous-anjou.fr\/index.php?rest_route=\/wp\/v2\/posts\/2926","targetHints":{"allow":["GET"]}}],"collection":[{"href":"https:\/\/ville-sous-anjou.fr\/index.php?rest_route=\/wp\/v2\/posts"}],"about":[{"href":"https:\/\/ville-sous-anjou.fr\/index.php?rest_route=\/wp\/v2\/types\/post"}],"author":[{"embeddable":true,"href":"https:\/\/ville-sous-anjou.fr\/index.php?rest_route=\/wp\/v2\/users\/1"}],"replies":[{"embeddable":true,"href":"https:\/\/ville-sous-anjou.fr\/index.php?rest_route=%2Fwp%2Fv2%2Fcomments&post=2926"}],"version-history":[{"count":1,"href":"https:\/\/ville-sous-anjou.fr\/index.php?rest_route=\/wp\/v2\/posts\/2926\/revisions"}],"predecessor-version":[{"id":2936,"href":"https:\/\/ville-sous-anjou.fr\/index.php?rest_route=\/wp\/v2\/posts\/2926\/revisions\/2936"}],"wp:featuredmedia":[{"embeddable":true,"href":"https:\/\/ville-sous-anjou.fr\/index.php?rest_route=\/wp\/v2\/media\/2539"}],"wp:attachment":[{"href":"https:\/\/ville-sous-anjou.fr\/index.php?rest_route=%2Fwp%2Fv2%2Fmedia&parent=2926"}],"wp:term":[{"taxonomy":"category","embeddable":true,"href":"https:\/\/ville-sous-anjou.fr\/index.php?rest_route=%2Fwp%2Fv2%2Fcategories&post=2926"},{"taxonomy":"post_tag","embeddable":true,"href":"https:\/\/ville-sous-anjou.fr\/index.php?rest_route=%2Fwp%2Fv2%2Ftags&post=2926"}],"curies":[{"name":"wp","href":"https:\/\/api.w.org\/{rel}","templated":true}]}}