{"id":2948,"date":"2023-07-06T06:45:00","date_gmt":"2023-07-06T06:45:00","guid":{"rendered":"https:\/\/ville-sous-anjou.fr\/?p=2948"},"modified":"2023-07-06T06:45:34","modified_gmt":"2023-07-06T06:45:34","slug":"horaires-dete-a-la-mediatheque","status":"publish","type":"post","link":"https:\/\/ville-sous-anjou.fr\/?p=2948","title":{"rendered":"Horaires d&rsquo;\u00e9t\u00e9 \u00e0 la m\u00e9diath\u00e8que!"},"content":{"rendered":"\n<p>A partir du samedi 8 juillet et jusqu&rsquo;au samedi 2 septembre, la m\u00e9diath\u00e8que sera ouverte uniquement les samedis de 10h00 \u00e0 11h30<\/p>\n\n\n\n<p>Vous pourrez continuer \u00e0 faire vos r\u00e9servations sur le portail : reseau-ecume.fr car la navette continuera de passer tous les mercredis matins.<\/p>\n\n\n\n<p><a href=\"http:\/\/ville-sous-anjou.fr\/wp-content\/uploads\/2023\/07\/horaires-ete-2023.pdf\" target=\"_blank\" rel=\"noreferrer noopener\">A lire ici, les horaires d&rsquo;\u00e9t\u00e9 de toutes les m\u00e9diath\u00e8ques du R\u00e9seau.<\/a><\/p>\n","protected":false},"excerpt":{"rendered":"<p>A partir du samedi 8 juillet et jusqu&rsquo;au samedi 2 septembre, la m\u00e9diath\u00e8que sera ouverte uniquement les samedis de 10h00 \u00e0 11h30 Vous pourrez continuer \u00e0 faire vos r\u00e9servations sur le portail : reseau-ecume.fr car la navette continuera de passer tous les mercredis matins. A lire ici, les horaires d&rsquo;\u00e9t\u00e9 [&hellip;]<\/p>\n","protected":false},"author":1,"featured_media":2641,"comment_status":"closed","ping_status":"closed","sticky":false,"template":"","format":"standard","meta":{"_exactmetrics_skip_tracking":false,"_exactmetrics_sitenote_active":false,"_exactmetrics_sitenote_note":"","_exactmetrics_sitenote_category":0,"footnotes":""},"categories":[14,22],"tags":[],"class_list":["post-2948","post","type-post","status-publish","format-standard","has-post-thumbnail","hentry","category-bibliotheque","category-culture"],"_links":{"self":[{"href":"https:\/\/ville-sous-anjou.fr\/index.php?rest_route=\/wp\/v2\/posts\/2948","targetHints":{"allow":["GET"]}}],"collection":[{"href":"https:\/\/ville-sous-anjou.fr\/index.php?rest_route=\/wp\/v2\/posts"}],"about":[{"href":"https:\/\/ville-sous-anjou.fr\/index.php?rest_route=\/wp\/v2\/types\/post"}],"author":[{"embeddable":true,"href":"https:\/\/ville-sous-anjou.fr\/index.php?rest_route=\/wp\/v2\/users\/1"}],"replies":[{"embeddable":true,"href":"https:\/\/ville-sous-anjou.fr\/index.php?rest_route=%2Fwp%2Fv2%2Fcomments&post=2948"}],"version-history":[{"count":1,"href":"https:\/\/ville-sous-anjou.fr\/index.php?rest_route=\/wp\/v2\/posts\/2948\/revisions"}],"predecessor-version":[{"id":2950,"href":"https:\/\/ville-sous-anjou.fr\/index.php?rest_route=\/wp\/v2\/posts\/2948\/revisions\/2950"}],"wp:featuredmedia":[{"embeddable":true,"href":"https:\/\/ville-sous-anjou.fr\/index.php?rest_route=\/wp\/v2\/media\/2641"}],"wp:attachment":[{"href":"https:\/\/ville-sous-anjou.fr\/index.php?rest_route=%2Fwp%2Fv2%2Fmedia&parent=2948"}],"wp:term":[{"taxonomy":"category","embeddable":true,"href":"https:\/\/ville-sous-anjou.fr\/index.php?rest_route=%2Fwp%2Fv2%2Fcategories&post=2948"},{"taxonomy":"post_tag","embeddable":true,"href":"https:\/\/ville-sous-anjou.fr\/index.php?rest_route=%2Fwp%2Fv2%2Ftags&post=2948"}],"curies":[{"name":"wp","href":"https:\/\/api.w.org\/{rel}","templated":true}]}}