{"id":2966,"date":"2023-07-28T09:45:33","date_gmt":"2023-07-28T09:45:33","guid":{"rendered":"https:\/\/ville-sous-anjou.fr\/?p=2966"},"modified":"2023-07-28T09:45:33","modified_gmt":"2023-07-28T09:45:33","slug":"information-enedis-reseau-coupure-de-courant-pour-travaux-le-vendredi-4-aout","status":"publish","type":"post","link":"https:\/\/ville-sous-anjou.fr\/?p=2966","title":{"rendered":"Information ENEDIS r\u00e9seau, coupure de courant pour travaux le vendredi 4 ao\u00fbt"},"content":{"rendered":"\n<p><strong>Coupure de courant pour travaux le vendredi 4 ao\u00fbt!<\/strong><\/p>\n\n\n\n<p>Enedis a pr\u00e9vu de r\u00e9aliser sur le r\u00e9seau de distribution des travaux qui entra\u00eeneront une ou plusieurs coupures d\u2019\u00e9lectricit\u00e9<\/p>\n\n\n\n<p>le <strong>vendredi 4 ao\u00fbt 2023 entre 8h30 et 15h00<\/strong>.<\/p>\n\n\n\n<p>Quartiers ou lieux-dits concern\u00e9s:<\/p>\n\n\n\n<p>25, 33, N1 chemin DE LA MOLA; 5 chemin DE LA MEULE<\/p>\n\n\n\n<p>33, 47, 53 au 59, 65, 71, 75, 79, 62, 66 au 78, 82, 90, 55B ROUTE DES COMBES<\/p>\n\n\n\n<p>1, 5, 13 chemin D ANJOU<\/p>\n\n\n\n<p>7 au 9, 8 au 10 chemin DE LA RENEZE<\/p>\n\n\n\n<p>5, 10, 14 chemin DE LA VESCIA<\/p>\n","protected":false},"excerpt":{"rendered":"<p>Coupure de courant pour travaux le vendredi 4 ao\u00fbt! Enedis a pr\u00e9vu de r\u00e9aliser sur le r\u00e9seau de distribution des travaux qui entra\u00eeneront une ou plusieurs coupures d\u2019\u00e9lectricit\u00e9 le vendredi 4 ao\u00fbt 2023 entre 8h30 et 15h00. Quartiers ou lieux-dits concern\u00e9s: 25, 33, N1 chemin DE LA MOLA; 5 chemin [&hellip;]<\/p>\n","protected":false},"author":1,"featured_media":1977,"comment_status":"closed","ping_status":"closed","sticky":false,"template":"","format":"standard","meta":{"_exactmetrics_skip_tracking":false,"_exactmetrics_sitenote_active":false,"_exactmetrics_sitenote_note":"","_exactmetrics_sitenote_category":0,"footnotes":""},"categories":[2],"tags":[],"class_list":["post-2966","post","type-post","status-publish","format-standard","has-post-thumbnail","hentry","category-actu"],"_links":{"self":[{"href":"https:\/\/ville-sous-anjou.fr\/index.php?rest_route=\/wp\/v2\/posts\/2966","targetHints":{"allow":["GET"]}}],"collection":[{"href":"https:\/\/ville-sous-anjou.fr\/index.php?rest_route=\/wp\/v2\/posts"}],"about":[{"href":"https:\/\/ville-sous-anjou.fr\/index.php?rest_route=\/wp\/v2\/types\/post"}],"author":[{"embeddable":true,"href":"https:\/\/ville-sous-anjou.fr\/index.php?rest_route=\/wp\/v2\/users\/1"}],"replies":[{"embeddable":true,"href":"https:\/\/ville-sous-anjou.fr\/index.php?rest_route=%2Fwp%2Fv2%2Fcomments&post=2966"}],"version-history":[{"count":1,"href":"https:\/\/ville-sous-anjou.fr\/index.php?rest_route=\/wp\/v2\/posts\/2966\/revisions"}],"predecessor-version":[{"id":2967,"href":"https:\/\/ville-sous-anjou.fr\/index.php?rest_route=\/wp\/v2\/posts\/2966\/revisions\/2967"}],"wp:featuredmedia":[{"embeddable":true,"href":"https:\/\/ville-sous-anjou.fr\/index.php?rest_route=\/wp\/v2\/media\/1977"}],"wp:attachment":[{"href":"https:\/\/ville-sous-anjou.fr\/index.php?rest_route=%2Fwp%2Fv2%2Fmedia&parent=2966"}],"wp:term":[{"taxonomy":"category","embeddable":true,"href":"https:\/\/ville-sous-anjou.fr\/index.php?rest_route=%2Fwp%2Fv2%2Fcategories&post=2966"},{"taxonomy":"post_tag","embeddable":true,"href":"https:\/\/ville-sous-anjou.fr\/index.php?rest_route=%2Fwp%2Fv2%2Ftags&post=2966"}],"curies":[{"name":"wp","href":"https:\/\/api.w.org\/{rel}","templated":true}]}}