{"id":2975,"date":"2023-09-05T13:33:38","date_gmt":"2023-09-05T13:33:38","guid":{"rendered":"http:\/\/ville-sous-anjou.fr\/?p=2975"},"modified":"2023-09-05T13:34:22","modified_gmt":"2023-09-05T13:34:22","slug":"ouverture-dune-procedure-de-demande-dindemnisation-pour-les-pertes-de-recoltes-sur-semences-fourrageres-dues-a-la-secheresse-2022","status":"publish","type":"post","link":"https:\/\/ville-sous-anjou.fr\/?p=2975","title":{"rendered":"Ouverture d\u2019une proc\u00e9dure de demande d\u2019indemnisation pour les pertes de r\u00e9coltes sur semences fourrag\u00e8res dues \u00e0 la s\u00e9cheresse 2022!"},"content":{"rendered":"\n<p>Voir en pi\u00e8ces jointes l&rsquo;arr\u00eat\u00e9 minist\u00e9riel de reconnaissance compl\u00e9mentaire pour les pertes de r\u00e9coltes sur semences fourrag\u00e8res dues \u00e0 la s\u00e9cheresse de 2022 sur l&rsquo;ensemble du d\u00e9partement de l&rsquo;Is\u00e8re ainsi que la proc\u00e9dure pour les demandes d&rsquo;indemnisation.<\/p>\n\n\n\n<p><a href=\"http:\/\/ville-sous-anjou.fr\/wp-content\/uploads\/2023\/09\/Arrete-du-Ministere-de-lAgriculture.pdf\" target=\"_blank\" rel=\"noreferrer noopener\">Arr\u00eat\u00e9 du minist\u00e8re de l&rsquo;agriculture<\/a><\/p>\n\n\n\n<p><a href=\"http:\/\/ville-sous-anjou.fr\/wp-content\/uploads\/2023\/09\/Procedure-dindemnisation.pdf\" target=\"_blank\" rel=\"noreferrer noopener\">Proc\u00e9dure d\u2019Indemnisation<\/a><\/p>\n","protected":false},"excerpt":{"rendered":"<p>Voir en pi\u00e8ces jointes l&rsquo;arr\u00eat\u00e9 minist\u00e9riel de reconnaissance compl\u00e9mentaire pour les pertes de r\u00e9coltes sur semences fourrag\u00e8res dues \u00e0 la s\u00e9cheresse de 2022 sur l&rsquo;ensemble du d\u00e9partement de l&rsquo;Is\u00e8re ainsi que la proc\u00e9dure pour les demandes d&rsquo;indemnisation. Arr\u00eat\u00e9 du minist\u00e8re de l&rsquo;agriculture Proc\u00e9dure d\u2019Indemnisation<\/p>\n","protected":false},"author":1,"featured_media":1702,"comment_status":"closed","ping_status":"closed","sticky":false,"template":"","format":"standard","meta":{"_exactmetrics_skip_tracking":false,"_exactmetrics_sitenote_active":false,"_exactmetrics_sitenote_note":"","_exactmetrics_sitenote_category":0,"footnotes":""},"categories":[2,9],"tags":[],"class_list":["post-2975","post","type-post","status-publish","format-standard","has-post-thumbnail","hentry","category-actu","category-environnement"],"_links":{"self":[{"href":"https:\/\/ville-sous-anjou.fr\/index.php?rest_route=\/wp\/v2\/posts\/2975","targetHints":{"allow":["GET"]}}],"collection":[{"href":"https:\/\/ville-sous-anjou.fr\/index.php?rest_route=\/wp\/v2\/posts"}],"about":[{"href":"https:\/\/ville-sous-anjou.fr\/index.php?rest_route=\/wp\/v2\/types\/post"}],"author":[{"embeddable":true,"href":"https:\/\/ville-sous-anjou.fr\/index.php?rest_route=\/wp\/v2\/users\/1"}],"replies":[{"embeddable":true,"href":"https:\/\/ville-sous-anjou.fr\/index.php?rest_route=%2Fwp%2Fv2%2Fcomments&post=2975"}],"version-history":[{"count":1,"href":"https:\/\/ville-sous-anjou.fr\/index.php?rest_route=\/wp\/v2\/posts\/2975\/revisions"}],"predecessor-version":[{"id":2978,"href":"https:\/\/ville-sous-anjou.fr\/index.php?rest_route=\/wp\/v2\/posts\/2975\/revisions\/2978"}],"wp:featuredmedia":[{"embeddable":true,"href":"https:\/\/ville-sous-anjou.fr\/index.php?rest_route=\/wp\/v2\/media\/1702"}],"wp:attachment":[{"href":"https:\/\/ville-sous-anjou.fr\/index.php?rest_route=%2Fwp%2Fv2%2Fmedia&parent=2975"}],"wp:term":[{"taxonomy":"category","embeddable":true,"href":"https:\/\/ville-sous-anjou.fr\/index.php?rest_route=%2Fwp%2Fv2%2Fcategories&post=2975"},{"taxonomy":"post_tag","embeddable":true,"href":"https:\/\/ville-sous-anjou.fr\/index.php?rest_route=%2Fwp%2Fv2%2Ftags&post=2975"}],"curies":[{"name":"wp","href":"https:\/\/api.w.org\/{rel}","templated":true}]}}