{"id":2980,"date":"2023-09-11T13:35:57","date_gmt":"2023-09-11T13:35:57","guid":{"rendered":"https:\/\/ville-sous-anjou.fr\/?p=2980"},"modified":"2023-09-11T14:57:40","modified_gmt":"2023-09-11T14:57:40","slug":"journees-du-patrimoine-a-ville-sous-anjou-les-16-et-17-septembre-2023","status":"publish","type":"post","link":"https:\/\/ville-sous-anjou.fr\/?p=2980","title":{"rendered":"Journ\u00e9es du patrimoine \u00e0 Ville sous Anjou les 16 et 17 septembre 2023!"},"content":{"rendered":"\n<p><strong><u>La Chapelle de Terrebasse<\/u><\/strong><\/p>\n\n\n\n<p><strong>(<\/strong>Route de Vienne au hameau de Ville, dans le cimeti\u00e8re communal)<\/p>\n\n\n\n<p>Vestiges d\u2019une chapelle de style gothique flamboyant, construite dans le dernier quart du XV\u00e8me Si\u00e8cle par les seigneurs de Roussillon-Anjou. La qualit\u00e9 de ses sculptures notamment en fa\u00e7ade, est exceptionnelle. Son clocher a \u00e9t\u00e9 restaur\u00e9. Elle est prot\u00e9g\u00e9e au titre des Monuments historiques. A l\u2019int\u00e9rieur de la Chapelle, des panneaux pr\u00e9senteront l\u2019histoire de cet \u00e9difice.<\/p>\n\n\n\n<p><em>Visite libre\u00a0du site, accessibilit\u00e9 totale.<\/em><\/p>\n\n\n\n<figure class=\"wp-block-image size-large\"><img loading=\"lazy\" decoding=\"async\" width=\"768\" height=\"1024\" src=\"http:\/\/ville-sous-anjou.fr\/wp-content\/uploads\/2020\/09\/chapelle-de-Terrebasse-768x1024.jpg\" alt=\"\" class=\"wp-image-2355\"\/><\/figure>\n\n\n\n<p><strong><u>Vitrine arch\u00e9ologique \u00e0 la Mairie<\/u><\/strong><strong> <\/strong>(Place de la mairie)<\/p>\n\n\n\n<p>Dans cette vitrine sont expos\u00e9s des vases fun\u00e9raires appel\u00e9s \u00ab&nbsp;p\u00e9gaux&nbsp;\u00bb datant des XII\u00e8me et XIII\u00e8me si\u00e8cles. Cette collection a \u00e9t\u00e9 d\u00e9couverte dans les ann\u00e9es 1950, lors du creusement de caveaux dans la chapelle de Terrebasse. On peut \u00e9galement voir d\u2019anciennes pi\u00e8ces de romaines.<\/p>\n\n\n\n<p><em>Visite libre&nbsp;: du lundi au vendredi de 8h30 \u00e0 12h00<\/em><\/p>\n\n\n\n<p><em>Contact&nbsp;: 04 74 84 04 55<\/em><\/p>\n\n\n\n<p><em>Accessibilit\u00e9 totale<\/em><\/p>\n\n\n\n<figure class=\"wp-block-image size-large\"><img loading=\"lazy\" decoding=\"async\" width=\"683\" height=\"1024\" src=\"http:\/\/ville-sous-anjou.fr\/wp-content\/uploads\/2020\/09\/vitrine-archeologique-683x1024.jpg\" alt=\"\" class=\"wp-image-2354\" srcset=\"https:\/\/ville-sous-anjou.fr\/wp-content\/uploads\/2020\/09\/vitrine-archeologique-683x1024.jpg 683w, https:\/\/ville-sous-anjou.fr\/wp-content\/uploads\/2020\/09\/vitrine-archeologique-200x300.jpg 200w, https:\/\/ville-sous-anjou.fr\/wp-content\/uploads\/2020\/09\/vitrine-archeologique-768x1152.jpg 768w, https:\/\/ville-sous-anjou.fr\/wp-content\/uploads\/2020\/09\/vitrine-archeologique-1024x1536.jpg 1024w, https:\/\/ville-sous-anjou.fr\/wp-content\/uploads\/2020\/09\/vitrine-archeologique-1365x2048.jpg 1365w, https:\/\/ville-sous-anjou.fr\/wp-content\/uploads\/2020\/09\/vitrine-archeologique-scaled.jpg 1707w\" sizes=\"auto, (max-width: 683px) 100vw, 683px\" \/><\/figure>\n\n\n\n<p><strong><u>L\u2019\u00e9glise St Denys <\/u><\/strong>( au village )<\/p>\n\n\n\n<p>Visite libre dimanche 17 septembre de 9h00 \u00e0 18h00<\/p>\n","protected":false},"excerpt":{"rendered":"<p>La Chapelle de Terrebasse (Route de Vienne au hameau de Ville, dans le cimeti\u00e8re communal) Vestiges d\u2019une chapelle de style gothique flamboyant, construite dans le dernier quart du XV\u00e8me Si\u00e8cle par les seigneurs de Roussillon-Anjou. La qualit\u00e9 de ses sculptures notamment en fa\u00e7ade, est exceptionnelle. Son clocher a \u00e9t\u00e9 restaur\u00e9. [&hellip;]<\/p>\n","protected":false},"author":1,"featured_media":2981,"comment_status":"closed","ping_status":"closed","sticky":false,"template":"","format":"standard","meta":{"_exactmetrics_skip_tracking":false,"_exactmetrics_sitenote_active":false,"_exactmetrics_sitenote_note":"","_exactmetrics_sitenote_category":0,"footnotes":""},"categories":[2,27],"tags":[],"class_list":["post-2980","post","type-post","status-publish","format-standard","has-post-thumbnail","hentry","category-actu","category-patrimoine"],"_links":{"self":[{"href":"https:\/\/ville-sous-anjou.fr\/index.php?rest_route=\/wp\/v2\/posts\/2980","targetHints":{"allow":["GET"]}}],"collection":[{"href":"https:\/\/ville-sous-anjou.fr\/index.php?rest_route=\/wp\/v2\/posts"}],"about":[{"href":"https:\/\/ville-sous-anjou.fr\/index.php?rest_route=\/wp\/v2\/types\/post"}],"author":[{"embeddable":true,"href":"https:\/\/ville-sous-anjou.fr\/index.php?rest_route=\/wp\/v2\/users\/1"}],"replies":[{"embeddable":true,"href":"https:\/\/ville-sous-anjou.fr\/index.php?rest_route=%2Fwp%2Fv2%2Fcomments&post=2980"}],"version-history":[{"count":1,"href":"https:\/\/ville-sous-anjou.fr\/index.php?rest_route=\/wp\/v2\/posts\/2980\/revisions"}],"predecessor-version":[{"id":2982,"href":"https:\/\/ville-sous-anjou.fr\/index.php?rest_route=\/wp\/v2\/posts\/2980\/revisions\/2982"}],"wp:featuredmedia":[{"embeddable":true,"href":"https:\/\/ville-sous-anjou.fr\/index.php?rest_route=\/wp\/v2\/media\/2981"}],"wp:attachment":[{"href":"https:\/\/ville-sous-anjou.fr\/index.php?rest_route=%2Fwp%2Fv2%2Fmedia&parent=2980"}],"wp:term":[{"taxonomy":"category","embeddable":true,"href":"https:\/\/ville-sous-anjou.fr\/index.php?rest_route=%2Fwp%2Fv2%2Fcategories&post=2980"},{"taxonomy":"post_tag","embeddable":true,"href":"https:\/\/ville-sous-anjou.fr\/index.php?rest_route=%2Fwp%2Fv2%2Ftags&post=2980"}],"curies":[{"name":"wp","href":"https:\/\/api.w.org\/{rel}","templated":true}]}}