{"id":3006,"date":"2023-10-10T13:46:53","date_gmt":"2023-10-10T13:46:53","guid":{"rendered":"http:\/\/ville-sous-anjou.fr\/?p=3006"},"modified":"2023-10-10T13:47:25","modified_gmt":"2023-10-10T13:47:25","slug":"le-plu-a-ete-approuve-le-25-septembre","status":"publish","type":"post","link":"https:\/\/ville-sous-anjou.fr\/?p=3006","title":{"rendered":"Le PLU a \u00e9t\u00e9 approuv\u00e9 le 25 septembre!"},"content":{"rendered":"\n<p>Ayant la comp\u00e9tence PLU, c&rsquo;est le Conseil Communautaire d&rsquo;EBER qui a approuv\u00e9<\/p>\n\n\n\n<p>le PLU de Ville-sous-Anjou en s\u00e9ance du 25 septembre 2023.<\/p>\n\n\n\n<p>Tous les documents sont consultables en Mairie aux heures d&rsquo;ouverture au public, sur geoportail-urbanisme.gouv.fr.<\/p>\n\n\n\n<p>Ils sont aussi accessibles en pi\u00e8ces jointes:<\/p>\n\n\n\n<p><a href=\"http:\/\/ville-sous-anjou.fr\/wp-content\/uploads\/2023\/10\/DELIB_2023_246_revision_plu_villessanjou.pdf\" target=\"_blank\" rel=\"noreferrer noopener\">&#8211; d\u00e9lib\u00e9ration du Conseil Communautaire EBER<\/a><\/p>\n\n\n\n<p><a rel=\"noreferrer noopener\" href=\"https:\/\/we.tl\/t-KnTmlMwoMD\" target=\"_blank\">&#8211;  dossier PLU approuv\u00e9<\/a><\/p>\n","protected":false},"excerpt":{"rendered":"<p>Ayant la comp\u00e9tence PLU, c&rsquo;est le Conseil Communautaire d&rsquo;EBER qui a approuv\u00e9 le PLU de Ville-sous-Anjou en s\u00e9ance du 25 septembre 2023. Tous les documents sont consultables en Mairie aux heures d&rsquo;ouverture au public, sur geoportail-urbanisme.gouv.fr. Ils sont aussi accessibles en pi\u00e8ces jointes: &#8211; d\u00e9lib\u00e9ration du Conseil Communautaire EBER &#8211; [&hellip;]<\/p>\n","protected":false},"author":1,"featured_media":2539,"comment_status":"closed","ping_status":"closed","sticky":false,"template":"","format":"standard","meta":{"_exactmetrics_skip_tracking":false,"_exactmetrics_sitenote_active":false,"_exactmetrics_sitenote_note":"","_exactmetrics_sitenote_category":0,"footnotes":""},"categories":[26],"tags":[],"class_list":["post-3006","post","type-post","status-publish","format-standard","has-post-thumbnail","hentry","category-urbanisme"],"_links":{"self":[{"href":"https:\/\/ville-sous-anjou.fr\/index.php?rest_route=\/wp\/v2\/posts\/3006","targetHints":{"allow":["GET"]}}],"collection":[{"href":"https:\/\/ville-sous-anjou.fr\/index.php?rest_route=\/wp\/v2\/posts"}],"about":[{"href":"https:\/\/ville-sous-anjou.fr\/index.php?rest_route=\/wp\/v2\/types\/post"}],"author":[{"embeddable":true,"href":"https:\/\/ville-sous-anjou.fr\/index.php?rest_route=\/wp\/v2\/users\/1"}],"replies":[{"embeddable":true,"href":"https:\/\/ville-sous-anjou.fr\/index.php?rest_route=%2Fwp%2Fv2%2Fcomments&post=3006"}],"version-history":[{"count":2,"href":"https:\/\/ville-sous-anjou.fr\/index.php?rest_route=\/wp\/v2\/posts\/3006\/revisions"}],"predecessor-version":[{"id":3009,"href":"https:\/\/ville-sous-anjou.fr\/index.php?rest_route=\/wp\/v2\/posts\/3006\/revisions\/3009"}],"wp:featuredmedia":[{"embeddable":true,"href":"https:\/\/ville-sous-anjou.fr\/index.php?rest_route=\/wp\/v2\/media\/2539"}],"wp:attachment":[{"href":"https:\/\/ville-sous-anjou.fr\/index.php?rest_route=%2Fwp%2Fv2%2Fmedia&parent=3006"}],"wp:term":[{"taxonomy":"category","embeddable":true,"href":"https:\/\/ville-sous-anjou.fr\/index.php?rest_route=%2Fwp%2Fv2%2Fcategories&post=3006"},{"taxonomy":"post_tag","embeddable":true,"href":"https:\/\/ville-sous-anjou.fr\/index.php?rest_route=%2Fwp%2Fv2%2Ftags&post=3006"}],"curies":[{"name":"wp","href":"https:\/\/api.w.org\/{rel}","templated":true}]}}