{"id":3010,"date":"2023-10-16T09:59:12","date_gmt":"2023-10-16T09:59:12","guid":{"rendered":"http:\/\/ville-sous-anjou.fr\/?p=3010"},"modified":"2023-10-16T10:00:25","modified_gmt":"2023-10-16T10:00:25","slug":"soiree-theatrale-a-la-salle-emile-romanet-vendredi-27-octobre","status":"publish","type":"post","link":"https:\/\/ville-sous-anjou.fr\/?p=3010","title":{"rendered":"Soir\u00e9e th\u00e9\u00e2trale \u00e0 la salle Emile Romanet vendredi 27 octobre!"},"content":{"rendered":"\n<p><div class=\"x-container x-fit-item x-container-default x-box-layout-ct\" id=\"container-1052\"><div id=\"container-1052-innerCt\" class=\"x-box-inner \" role=\"presentation\"><div id=\"container-1052-targetEl\"><div class=\"x-component emailPreview x-box-item x-component-default\" id=\"emailpreview-1072\"><div class=\"emailPreview-container selectable x-item-selected\"><div class=\"body selectable imgPreviewHandler \" tabindex=\"-1\" id=\"ext-gen1228\"><div><p><span style=\"color: rgb(5, 69, 167);\">Le Comit\u00e9 des F\u00eates propose une soir\u00e9e th\u00e9\u00e2trale avec la troupe \u00a0\u00bb Les Renards en sc\u00e8ne\u00a0\u00bb qui joueront une pi\u00e8ce d&rsquo;Yvon Taburet, \u00ab\u00a0Bienvenue dans l&rsquo;immeuble\u00a0\u00bb, <span style=\"font-family: sans-serif;\">une bouillonnante com\u00e9die, rythm\u00e9e \u00e0 cent \u00e0 l\u2019heure.<\/span><\/span><\/p><\/div><\/div><\/div><\/div><\/div><\/div><\/div><span style=\"color: rgb(5, 69, 167);\"><span style=\"font-family: sans-serif;\">Entr\u00e9e \u00e0 10\u20ac. <\/span><\/span><\/p>\n\n\n\n<p><span style=\"color: rgb(5, 69, 167);\"><span style=\"font-family: sans-serif;\">R\u00e9servation possible \u00e0 la m\u00e9diath\u00e8que et \u00e0 la Mairie de Ville-sous-Anjou. <\/span><\/span><\/p>\n\n\n\n<p><a href=\"http:\/\/ville-sous-anjou.fr\/wp-content\/uploads\/2023\/10\/Affiche-theatre-2023_1.pdf\" target=\"_blank\" rel=\"noreferrer noopener\"><span style=\"color: rgb(5, 69, 167);\"><span style=\"font-family: sans-serif;\">Voir affiche <\/span><\/span><strong>ici<\/strong><\/a><span style=\"color: rgb(5, 69, 167);\"><strong><span style=\"font-family: sans-serif;\">.<\/span><\/strong><\/span><\/p>\n","protected":false},"excerpt":{"rendered":"<p>Le Comit\u00e9 des F\u00eates propose une soir\u00e9e th\u00e9\u00e2trale avec la troupe \u00a0\u00bb Les Renards en sc\u00e8ne\u00a0\u00bb qui joueront une pi\u00e8ce d&rsquo;Yvon Taburet, \u00ab\u00a0Bienvenue dans l&rsquo;immeuble\u00a0\u00bb, une bouillonnante com\u00e9die, rythm\u00e9e \u00e0 cent \u00e0 l\u2019heure. Entr\u00e9e \u00e0 10\u20ac. R\u00e9servation possible \u00e0 la m\u00e9diath\u00e8que et \u00e0 la Mairie de Ville-sous-Anjou. Voir affiche ici.<\/p>\n","protected":false},"author":1,"featured_media":3012,"comment_status":"closed","ping_status":"closed","sticky":false,"template":"","format":"standard","meta":{"_exactmetrics_skip_tracking":false,"_exactmetrics_sitenote_active":false,"_exactmetrics_sitenote_note":"","_exactmetrics_sitenote_category":0,"footnotes":""},"categories":[23,20],"tags":[],"class_list":["post-3010","post","type-post","status-publish","format-standard","has-post-thumbnail","hentry","category-comite-des-fetes","category-divertissement"],"_links":{"self":[{"href":"https:\/\/ville-sous-anjou.fr\/index.php?rest_route=\/wp\/v2\/posts\/3010","targetHints":{"allow":["GET"]}}],"collection":[{"href":"https:\/\/ville-sous-anjou.fr\/index.php?rest_route=\/wp\/v2\/posts"}],"about":[{"href":"https:\/\/ville-sous-anjou.fr\/index.php?rest_route=\/wp\/v2\/types\/post"}],"author":[{"embeddable":true,"href":"https:\/\/ville-sous-anjou.fr\/index.php?rest_route=\/wp\/v2\/users\/1"}],"replies":[{"embeddable":true,"href":"https:\/\/ville-sous-anjou.fr\/index.php?rest_route=%2Fwp%2Fv2%2Fcomments&post=3010"}],"version-history":[{"count":1,"href":"https:\/\/ville-sous-anjou.fr\/index.php?rest_route=\/wp\/v2\/posts\/3010\/revisions"}],"predecessor-version":[{"id":3013,"href":"https:\/\/ville-sous-anjou.fr\/index.php?rest_route=\/wp\/v2\/posts\/3010\/revisions\/3013"}],"wp:featuredmedia":[{"embeddable":true,"href":"https:\/\/ville-sous-anjou.fr\/index.php?rest_route=\/wp\/v2\/media\/3012"}],"wp:attachment":[{"href":"https:\/\/ville-sous-anjou.fr\/index.php?rest_route=%2Fwp%2Fv2%2Fmedia&parent=3010"}],"wp:term":[{"taxonomy":"category","embeddable":true,"href":"https:\/\/ville-sous-anjou.fr\/index.php?rest_route=%2Fwp%2Fv2%2Fcategories&post=3010"},{"taxonomy":"post_tag","embeddable":true,"href":"https:\/\/ville-sous-anjou.fr\/index.php?rest_route=%2Fwp%2Fv2%2Ftags&post=3010"}],"curies":[{"name":"wp","href":"https:\/\/api.w.org\/{rel}","templated":true}]}}