{"id":3028,"date":"2023-12-28T10:10:52","date_gmt":"2023-12-28T10:10:52","guid":{"rendered":"http:\/\/ville-sous-anjou.fr\/?p=3028"},"modified":"2023-12-28T10:10:52","modified_gmt":"2023-12-28T10:10:52","slug":"soiree-chansons-organisee-par-le-comite-des-fetes-le-samedi-13-janvier","status":"publish","type":"post","link":"https:\/\/ville-sous-anjou.fr\/?p=3028","title":{"rendered":"Soir\u00e9e chansons organis\u00e9e par le Comit\u00e9 des F\u00eates le samedi 13 janvier!"},"content":{"rendered":"\n<p>Georges Maras chante Georges Chelon et des chansons fran\u00e7aises<\/p>\n\n\n\n<p>le samedi 13 janvier 2024 \u00e0 20h30, salle Emile Romanet.<\/p>\n\n\n\n<p>Entr\u00e9e 10\u20ac .<\/p>\n\n\n\n<p><a href=\"http:\/\/ville-sous-anjou.fr\/wp-content\/uploads\/2023\/12\/Affiche-Georges-Maras-2024.pdf\" target=\"_blank\" rel=\"noreferrer noopener\">T\u00e9l\u00e9charger l&rsquo;affiche <\/a><\/p>\n","protected":false},"excerpt":{"rendered":"<p>Georges Maras chante Georges Chelon et des chansons fran\u00e7aises le samedi 13 janvier 2024 \u00e0 20h30, salle Emile Romanet. Entr\u00e9e 10\u20ac . T\u00e9l\u00e9charger l&rsquo;affiche<\/p>\n","protected":false},"author":1,"featured_media":3030,"comment_status":"closed","ping_status":"closed","sticky":false,"template":"","format":"standard","meta":{"_exactmetrics_skip_tracking":false,"_exactmetrics_sitenote_active":false,"_exactmetrics_sitenote_note":"","_exactmetrics_sitenote_category":0,"footnotes":""},"categories":[23],"tags":[],"class_list":["post-3028","post","type-post","status-publish","format-standard","has-post-thumbnail","hentry","category-comite-des-fetes"],"_links":{"self":[{"href":"https:\/\/ville-sous-anjou.fr\/index.php?rest_route=\/wp\/v2\/posts\/3028","targetHints":{"allow":["GET"]}}],"collection":[{"href":"https:\/\/ville-sous-anjou.fr\/index.php?rest_route=\/wp\/v2\/posts"}],"about":[{"href":"https:\/\/ville-sous-anjou.fr\/index.php?rest_route=\/wp\/v2\/types\/post"}],"author":[{"embeddable":true,"href":"https:\/\/ville-sous-anjou.fr\/index.php?rest_route=\/wp\/v2\/users\/1"}],"replies":[{"embeddable":true,"href":"https:\/\/ville-sous-anjou.fr\/index.php?rest_route=%2Fwp%2Fv2%2Fcomments&post=3028"}],"version-history":[{"count":1,"href":"https:\/\/ville-sous-anjou.fr\/index.php?rest_route=\/wp\/v2\/posts\/3028\/revisions"}],"predecessor-version":[{"id":3031,"href":"https:\/\/ville-sous-anjou.fr\/index.php?rest_route=\/wp\/v2\/posts\/3028\/revisions\/3031"}],"wp:featuredmedia":[{"embeddable":true,"href":"https:\/\/ville-sous-anjou.fr\/index.php?rest_route=\/wp\/v2\/media\/3030"}],"wp:attachment":[{"href":"https:\/\/ville-sous-anjou.fr\/index.php?rest_route=%2Fwp%2Fv2%2Fmedia&parent=3028"}],"wp:term":[{"taxonomy":"category","embeddable":true,"href":"https:\/\/ville-sous-anjou.fr\/index.php?rest_route=%2Fwp%2Fv2%2Fcategories&post=3028"},{"taxonomy":"post_tag","embeddable":true,"href":"https:\/\/ville-sous-anjou.fr\/index.php?rest_route=%2Fwp%2Fv2%2Ftags&post=3028"}],"curies":[{"name":"wp","href":"https:\/\/api.w.org\/{rel}","templated":true}]}}