{"id":3053,"date":"2024-02-12T09:15:41","date_gmt":"2024-02-12T09:15:41","guid":{"rendered":"http:\/\/ville-sous-anjou.fr\/?p=3053"},"modified":"2024-02-12T09:15:41","modified_gmt":"2024-02-12T09:15:41","slug":"inscriptions-au-repas-du-c-c-a-s-du-10-mars","status":"publish","type":"post","link":"https:\/\/ville-sous-anjou.fr\/?p=3053","title":{"rendered":"Inscriptions au repas du C.C.A.S du 10 mars!"},"content":{"rendered":"\n<p><strong><u>Repas du CCAS de Ville-sous-Anjou<\/u><\/strong><\/p>\n\n\n\n<p>Le traditionnel repas offert aux A\u00een\u00e9s de la commune par le CCAS , aura lieu le dimanche 10 mars \u00e0 midi \u00e0 la salle Emile Romanet. Les invit\u00e9s sont n\u00e9s en 1957 et les ann\u00e9es pr\u00e9c\u00e9dentes. Si des personnes concern\u00e9es n\u2019ont pas re\u00e7u d\u2019invitation et souhaitent participer \u00e0 ce repas, elles doivent se faire connaitre aupr\u00e8s du <strong>secr\u00e9tariat de Mairie avant le 29 f\u00e9vrier.<\/strong><\/p>\n","protected":false},"excerpt":{"rendered":"<p>Repas du CCAS de Ville-sous-Anjou Le traditionnel repas offert aux A\u00een\u00e9s de la commune par le CCAS , aura lieu le dimanche 10 mars \u00e0 midi \u00e0 la salle Emile Romanet. Les invit\u00e9s sont n\u00e9s en 1957 et les ann\u00e9es pr\u00e9c\u00e9dentes. Si des personnes concern\u00e9es n\u2019ont pas re\u00e7u d\u2019invitation et [&hellip;]<\/p>\n","protected":false},"author":1,"featured_media":1992,"comment_status":"closed","ping_status":"closed","sticky":false,"template":"","format":"standard","meta":{"_exactmetrics_skip_tracking":false,"_exactmetrics_sitenote_active":false,"_exactmetrics_sitenote_note":"","_exactmetrics_sitenote_category":0,"footnotes":""},"categories":[2,16],"tags":[],"class_list":["post-3053","post","type-post","status-publish","format-standard","has-post-thumbnail","hentry","category-actu","category-social"],"_links":{"self":[{"href":"https:\/\/ville-sous-anjou.fr\/index.php?rest_route=\/wp\/v2\/posts\/3053","targetHints":{"allow":["GET"]}}],"collection":[{"href":"https:\/\/ville-sous-anjou.fr\/index.php?rest_route=\/wp\/v2\/posts"}],"about":[{"href":"https:\/\/ville-sous-anjou.fr\/index.php?rest_route=\/wp\/v2\/types\/post"}],"author":[{"embeddable":true,"href":"https:\/\/ville-sous-anjou.fr\/index.php?rest_route=\/wp\/v2\/users\/1"}],"replies":[{"embeddable":true,"href":"https:\/\/ville-sous-anjou.fr\/index.php?rest_route=%2Fwp%2Fv2%2Fcomments&post=3053"}],"version-history":[{"count":1,"href":"https:\/\/ville-sous-anjou.fr\/index.php?rest_route=\/wp\/v2\/posts\/3053\/revisions"}],"predecessor-version":[{"id":3054,"href":"https:\/\/ville-sous-anjou.fr\/index.php?rest_route=\/wp\/v2\/posts\/3053\/revisions\/3054"}],"wp:featuredmedia":[{"embeddable":true,"href":"https:\/\/ville-sous-anjou.fr\/index.php?rest_route=\/wp\/v2\/media\/1992"}],"wp:attachment":[{"href":"https:\/\/ville-sous-anjou.fr\/index.php?rest_route=%2Fwp%2Fv2%2Fmedia&parent=3053"}],"wp:term":[{"taxonomy":"category","embeddable":true,"href":"https:\/\/ville-sous-anjou.fr\/index.php?rest_route=%2Fwp%2Fv2%2Fcategories&post=3053"},{"taxonomy":"post_tag","embeddable":true,"href":"https:\/\/ville-sous-anjou.fr\/index.php?rest_route=%2Fwp%2Fv2%2Ftags&post=3053"}],"curies":[{"name":"wp","href":"https:\/\/api.w.org\/{rel}","templated":true}]}}