{"id":3059,"date":"2024-03-08T14:44:08","date_gmt":"2024-03-08T14:44:08","guid":{"rendered":"http:\/\/ville-sous-anjou.fr\/?p=3059"},"modified":"2024-03-08T14:46:54","modified_gmt":"2024-03-08T14:46:54","slug":"agir-pour-notre-environnement-samedi-23-mars","status":"publish","type":"post","link":"https:\/\/ville-sous-anjou.fr\/?p=3059","title":{"rendered":"Agir pour notre environnement samedi 23 mars!"},"content":{"rendered":"\n<p>En partenariat avec la Communaut\u00e9 de communes EBER, la commune de Ville-sous-Anjou organise deux temps forts <strong>samedi matin 23 mars:<\/strong><\/p>\n\n\n\n<p><a href=\"http:\/\/ville-sous-anjou.fr\/wp-content\/uploads\/2024\/03\/Affiche-village-propre-VSA.pdf\" target=\"_blank\" rel=\"noreferrer noopener\">Op\u00e9ration village propre, rendez-vous \u00e0 8h00 place de la Mairie.<\/a><\/p>\n\n\n\n<p><a href=\"http:\/\/ville-sous-anjou.fr\/wp-content\/uploads\/2024\/03\/Atelier-velo-23-03-Ville-Sous-Anjou.pdf\" target=\"_blank\" rel=\"noreferrer noopener\">Atelier participatif gratuit, m\u00e9canique v\u00e9lo propos\u00e9 par l&rsquo;AGEDEN de 9h00 \u00e0 12h00, place de la Mairie.<\/a><\/p>\n","protected":false},"excerpt":{"rendered":"<p>En partenariat avec la Communaut\u00e9 de communes EBER, la commune de Ville-sous-Anjou organise deux temps forts samedi matin 23 mars: Op\u00e9ration village propre, rendez-vous \u00e0 8h00 place de la Mairie. Atelier participatif gratuit, m\u00e9canique v\u00e9lo propos\u00e9 par l&rsquo;AGEDEN de 9h00 \u00e0 12h00, place de la Mairie.<\/p>\n","protected":false},"author":1,"featured_media":3064,"comment_status":"closed","ping_status":"closed","sticky":false,"template":"","format":"standard","meta":{"_exactmetrics_skip_tracking":false,"_exactmetrics_sitenote_active":false,"_exactmetrics_sitenote_note":"","_exactmetrics_sitenote_category":0,"footnotes":""},"categories":[9],"tags":[],"class_list":["post-3059","post","type-post","status-publish","format-standard","has-post-thumbnail","hentry","category-environnement"],"_links":{"self":[{"href":"https:\/\/ville-sous-anjou.fr\/index.php?rest_route=\/wp\/v2\/posts\/3059","targetHints":{"allow":["GET"]}}],"collection":[{"href":"https:\/\/ville-sous-anjou.fr\/index.php?rest_route=\/wp\/v2\/posts"}],"about":[{"href":"https:\/\/ville-sous-anjou.fr\/index.php?rest_route=\/wp\/v2\/types\/post"}],"author":[{"embeddable":true,"href":"https:\/\/ville-sous-anjou.fr\/index.php?rest_route=\/wp\/v2\/users\/1"}],"replies":[{"embeddable":true,"href":"https:\/\/ville-sous-anjou.fr\/index.php?rest_route=%2Fwp%2Fv2%2Fcomments&post=3059"}],"version-history":[{"count":1,"href":"https:\/\/ville-sous-anjou.fr\/index.php?rest_route=\/wp\/v2\/posts\/3059\/revisions"}],"predecessor-version":[{"id":3063,"href":"https:\/\/ville-sous-anjou.fr\/index.php?rest_route=\/wp\/v2\/posts\/3059\/revisions\/3063"}],"wp:featuredmedia":[{"embeddable":true,"href":"https:\/\/ville-sous-anjou.fr\/index.php?rest_route=\/wp\/v2\/media\/3064"}],"wp:attachment":[{"href":"https:\/\/ville-sous-anjou.fr\/index.php?rest_route=%2Fwp%2Fv2%2Fmedia&parent=3059"}],"wp:term":[{"taxonomy":"category","embeddable":true,"href":"https:\/\/ville-sous-anjou.fr\/index.php?rest_route=%2Fwp%2Fv2%2Fcategories&post=3059"},{"taxonomy":"post_tag","embeddable":true,"href":"https:\/\/ville-sous-anjou.fr\/index.php?rest_route=%2Fwp%2Fv2%2Ftags&post=3059"}],"curies":[{"name":"wp","href":"https:\/\/api.w.org\/{rel}","templated":true}]}}