{"id":3090,"date":"2024-04-15T06:43:05","date_gmt":"2024-04-15T06:43:05","guid":{"rendered":"http:\/\/ville-sous-anjou.fr\/?p=3090"},"modified":"2024-04-15T06:43:06","modified_gmt":"2024-04-15T06:43:06","slug":"invitation-a-participer-a-la-concertation-publique-du-26-avril-2024","status":"publish","type":"post","link":"https:\/\/ville-sous-anjou.fr\/?p=3090","title":{"rendered":"Invitation \u00e0 participer \u00e0 la concertation publique du 26 avril 2024!"},"content":{"rendered":"\n<p>Dans le cadre de la d\u00e9finition des Zones d&rsquo;Acc\u00e9l\u00e9ration des Energies Renouvelables, la commune organise une concertation publique le <strong>vendredi 26 avril \u00e0 19h00 \u00e0 la salle Emile Romanet<\/strong> (<a href=\"http:\/\/ville-sous-anjou.fr\/wp-content\/uploads\/2024\/04\/PARTICIPEZ-A-LA-CONCERTATION-PUBLIQUE.pdf\" target=\"_blank\" rel=\"noreferrer noopener\"><em>lire plus de d\u00e9tails dans\u00a0 le document en<\/em> <em>pi\u00e8ce jointe<\/em><\/a>). Cette r\u00e9union sera aussi l&rsquo;occasion de partager diff\u00e9rentes informations sur la vie et les projets de la commune.Dans l&rsquo;attente de vous rencontrer.<\/p>\n","protected":false},"excerpt":{"rendered":"<p>Dans le cadre de la d\u00e9finition des Zones d&rsquo;Acc\u00e9l\u00e9ration des Energies Renouvelables, la commune organise une concertation publique le vendredi 26 avril \u00e0 19h00 \u00e0 la salle Emile Romanet (lire plus de d\u00e9tails dans\u00a0 le document en pi\u00e8ce jointe). Cette r\u00e9union sera aussi l&rsquo;occasion de partager diff\u00e9rentes informations sur la [&hellip;]<\/p>\n","protected":false},"author":1,"featured_media":3088,"comment_status":"closed","ping_status":"closed","sticky":false,"template":"","format":"standard","meta":{"_exactmetrics_skip_tracking":false,"_exactmetrics_sitenote_active":false,"_exactmetrics_sitenote_note":"","_exactmetrics_sitenote_category":0,"footnotes":""},"categories":[9],"tags":[],"class_list":["post-3090","post","type-post","status-publish","format-standard","has-post-thumbnail","hentry","category-environnement"],"_links":{"self":[{"href":"https:\/\/ville-sous-anjou.fr\/index.php?rest_route=\/wp\/v2\/posts\/3090","targetHints":{"allow":["GET"]}}],"collection":[{"href":"https:\/\/ville-sous-anjou.fr\/index.php?rest_route=\/wp\/v2\/posts"}],"about":[{"href":"https:\/\/ville-sous-anjou.fr\/index.php?rest_route=\/wp\/v2\/types\/post"}],"author":[{"embeddable":true,"href":"https:\/\/ville-sous-anjou.fr\/index.php?rest_route=\/wp\/v2\/users\/1"}],"replies":[{"embeddable":true,"href":"https:\/\/ville-sous-anjou.fr\/index.php?rest_route=%2Fwp%2Fv2%2Fcomments&post=3090"}],"version-history":[{"count":1,"href":"https:\/\/ville-sous-anjou.fr\/index.php?rest_route=\/wp\/v2\/posts\/3090\/revisions"}],"predecessor-version":[{"id":3091,"href":"https:\/\/ville-sous-anjou.fr\/index.php?rest_route=\/wp\/v2\/posts\/3090\/revisions\/3091"}],"wp:featuredmedia":[{"embeddable":true,"href":"https:\/\/ville-sous-anjou.fr\/index.php?rest_route=\/wp\/v2\/media\/3088"}],"wp:attachment":[{"href":"https:\/\/ville-sous-anjou.fr\/index.php?rest_route=%2Fwp%2Fv2%2Fmedia&parent=3090"}],"wp:term":[{"taxonomy":"category","embeddable":true,"href":"https:\/\/ville-sous-anjou.fr\/index.php?rest_route=%2Fwp%2Fv2%2Fcategories&post=3090"},{"taxonomy":"post_tag","embeddable":true,"href":"https:\/\/ville-sous-anjou.fr\/index.php?rest_route=%2Fwp%2Fv2%2Ftags&post=3090"}],"curies":[{"name":"wp","href":"https:\/\/api.w.org\/{rel}","templated":true}]}}