{"id":3208,"date":"2024-11-13T08:27:47","date_gmt":"2024-11-13T08:27:47","guid":{"rendered":"http:\/\/ville-sous-anjou.fr\/?p=3208"},"modified":"2024-11-13T08:27:48","modified_gmt":"2024-11-13T08:27:48","slug":"mairie-de-ville-sous-anjou-avis-de-cession-de-batiments","status":"publish","type":"post","link":"https:\/\/ville-sous-anjou.fr\/?p=3208","title":{"rendered":"Mairie de VILLE SOUS ANJOU AVIS DE CESSION DE BATIMENTS"},"content":{"rendered":"\n<p>La commune a l\u2019intention de c\u00e9der un ensemble de 3 b\u00e2timents situ\u00e9s rue Emile Romanet aux fins de r\u00e9alisation de logements.<\/p>\n\n\n\n<p>Pour ce faire&nbsp;:<\/p>\n\n\n\n<ul class=\"wp-block-list\">\n<li>Tout acheteur int\u00e9ress\u00e9 doit se faire connaitre par mail\u00a0: <a href=\"mailto:mairie@ville-sous-anjou.fr\">mairie@ville-sous-anjou.fr<\/a><\/li>\n<\/ul>\n\n\n\n<p>au plus tard le 03\/12\/24<\/p>\n\n\n\n<ul class=\"wp-block-list\">\n<li>Une visite de l\u2019ensemble immobilier sera organis\u00e9e par la mairie le 09\/12\/24 de 10 heure \u00e0 12 heure.<\/li>\n\n\n\n<li>Un dossier concernant les b\u00e2timents existant ainsi que les \u00e9l\u00e9ments du PLU pourra \u00eatre communiqu\u00e9 \u00e0 toute personne interess\u00e9e \u00e0 l\u2019issue de la visite.<\/li>\n<\/ul>\n\n\n\n<p>Chaque acheteur int\u00e9ress\u00e9 devra remettre en mairie au plus tard le 10\/01\/25 une proposition ferme comprenant&nbsp;:<\/p>\n\n\n\n<ul class=\"wp-block-list\">\n<li>Un projet architectural pr\u00e9cis<\/li>\n\n\n\n<li>Le nombre de logements propos\u00e9s ainsi que leur destination (vente ou location)<\/li>\n\n\n\n<li>Le prix d\u2019acquisition ferme de l\u2019ensemble immobilier concern\u00e9.<\/li>\n<\/ul>\n\n\n\n<figure class=\"wp-block-image size-large\"><img loading=\"lazy\" decoding=\"async\" width=\"1024\" height=\"576\" src=\"http:\/\/ville-sous-anjou.fr\/wp-content\/uploads\/2024\/11\/batiments-ancienne-mairie-et-ecole-Rue-Emile-Romanet-1024x576.jpg\" alt=\"\" class=\"wp-image-3207\" srcset=\"https:\/\/ville-sous-anjou.fr\/wp-content\/uploads\/2024\/11\/batiments-ancienne-mairie-et-ecole-Rue-Emile-Romanet-1024x576.jpg 1024w, https:\/\/ville-sous-anjou.fr\/wp-content\/uploads\/2024\/11\/batiments-ancienne-mairie-et-ecole-Rue-Emile-Romanet-300x169.jpg 300w, https:\/\/ville-sous-anjou.fr\/wp-content\/uploads\/2024\/11\/batiments-ancienne-mairie-et-ecole-Rue-Emile-Romanet-768x432.jpg 768w, https:\/\/ville-sous-anjou.fr\/wp-content\/uploads\/2024\/11\/batiments-ancienne-mairie-et-ecole-Rue-Emile-Romanet-1536x864.jpg 1536w, https:\/\/ville-sous-anjou.fr\/wp-content\/uploads\/2024\/11\/batiments-ancienne-mairie-et-ecole-Rue-Emile-Romanet-2048x1152.jpg 2048w\" sizes=\"auto, (max-width: 1024px) 100vw, 1024px\" \/><\/figure>\n\n\n\n<figure class=\"wp-block-image size-full\"><img loading=\"lazy\" decoding=\"async\" width=\"591\" height=\"399\" src=\"http:\/\/ville-sous-anjou.fr\/wp-content\/uploads\/2024\/11\/ancienne-ecole-la-cour.png\" alt=\"\" class=\"wp-image-3205\" srcset=\"https:\/\/ville-sous-anjou.fr\/wp-content\/uploads\/2024\/11\/ancienne-ecole-la-cour.png 591w, https:\/\/ville-sous-anjou.fr\/wp-content\/uploads\/2024\/11\/ancienne-ecole-la-cour-300x203.png 300w\" sizes=\"auto, (max-width: 591px) 100vw, 591px\" \/><\/figure>\n","protected":false},"excerpt":{"rendered":"<p>La commune a l\u2019intention de c\u00e9der un ensemble de 3 b\u00e2timents situ\u00e9s rue Emile Romanet aux fins de r\u00e9alisation de logements. Pour ce faire&nbsp;: au plus tard le 03\/12\/24 Chaque acheteur int\u00e9ress\u00e9 devra remettre en mairie au plus tard le 10\/01\/25 une proposition ferme comprenant&nbsp;:<\/p>\n","protected":false},"author":1,"featured_media":3206,"comment_status":"closed","ping_status":"closed","sticky":false,"template":"","format":"standard","meta":{"_exactmetrics_skip_tracking":false,"_exactmetrics_sitenote_active":false,"_exactmetrics_sitenote_note":"","_exactmetrics_sitenote_category":0,"footnotes":""},"categories":[3],"tags":[],"class_list":["post-3208","post","type-post","status-publish","format-standard","has-post-thumbnail","hentry","category-institution"],"_links":{"self":[{"href":"https:\/\/ville-sous-anjou.fr\/index.php?rest_route=\/wp\/v2\/posts\/3208","targetHints":{"allow":["GET"]}}],"collection":[{"href":"https:\/\/ville-sous-anjou.fr\/index.php?rest_route=\/wp\/v2\/posts"}],"about":[{"href":"https:\/\/ville-sous-anjou.fr\/index.php?rest_route=\/wp\/v2\/types\/post"}],"author":[{"embeddable":true,"href":"https:\/\/ville-sous-anjou.fr\/index.php?rest_route=\/wp\/v2\/users\/1"}],"replies":[{"embeddable":true,"href":"https:\/\/ville-sous-anjou.fr\/index.php?rest_route=%2Fwp%2Fv2%2Fcomments&post=3208"}],"version-history":[{"count":1,"href":"https:\/\/ville-sous-anjou.fr\/index.php?rest_route=\/wp\/v2\/posts\/3208\/revisions"}],"predecessor-version":[{"id":3209,"href":"https:\/\/ville-sous-anjou.fr\/index.php?rest_route=\/wp\/v2\/posts\/3208\/revisions\/3209"}],"wp:featuredmedia":[{"embeddable":true,"href":"https:\/\/ville-sous-anjou.fr\/index.php?rest_route=\/wp\/v2\/media\/3206"}],"wp:attachment":[{"href":"https:\/\/ville-sous-anjou.fr\/index.php?rest_route=%2Fwp%2Fv2%2Fmedia&parent=3208"}],"wp:term":[{"taxonomy":"category","embeddable":true,"href":"https:\/\/ville-sous-anjou.fr\/index.php?rest_route=%2Fwp%2Fv2%2Fcategories&post=3208"},{"taxonomy":"post_tag","embeddable":true,"href":"https:\/\/ville-sous-anjou.fr\/index.php?rest_route=%2Fwp%2Fv2%2Ftags&post=3208"}],"curies":[{"name":"wp","href":"https:\/\/api.w.org\/{rel}","templated":true}]}}