{"id":3251,"date":"2025-04-07T07:44:43","date_gmt":"2025-04-07T07:44:43","guid":{"rendered":"https:\/\/ville-sous-anjou.fr\/?p=3251"},"modified":"2025-04-07T07:44:43","modified_gmt":"2025-04-07T07:44:43","slug":"accueil-des-nouveaux-habitants-vendredi-11-avril-a-18h30-salle-romanet","status":"publish","type":"post","link":"https:\/\/ville-sous-anjou.fr\/?p=3251","title":{"rendered":"Accueil des nouveaux habitants vendredi 11 avril \u00e0 18h30 salle Romanet!"},"content":{"rendered":"\n<p>La commune a pris l\u2019habitude depuis plusieurs ann\u00e9es, d\u2019organiser environ tous les 2 ans un accueil des nouveaux habitants. La derni\u00e8re r\u00e9ception a eu lieu en mars 2023. Nous avons essay\u00e9 de recenser toutes les personnes install\u00e9es sur la commune depuis cette date et nous leur avons envoy\u00e9 un courrier d\u2019invitation pour le vendredi 11 avril \u00e0 18h30 \u00e0 la salle Emile Romanet. Si vous \u00eates concern\u00e9s et que vous n\u2019avez pas \u00e9t\u00e9 destinataire de ce courrier, nous vous invitons \u00e0 contacter la Mairie par mail ( <a href=\"mailto:mairie@ville-sous-anjou.fr\">mairie@ville-sous-anjou.fr<\/a>) ou par t\u00e9l\u00e9phone ( 04 74 84 04 55) afin de vous inscrire \u00e0 cette r\u00e9ception si vous le souhaitez.<\/p>\n\n\n\n<p><\/p>\n","protected":false},"excerpt":{"rendered":"<p>La commune a pris l\u2019habitude depuis plusieurs ann\u00e9es, d\u2019organiser environ tous les 2 ans un accueil des nouveaux habitants. La derni\u00e8re r\u00e9ception a eu lieu en mars 2023. Nous avons essay\u00e9 de recenser toutes les personnes install\u00e9es sur la commune depuis cette date et nous leur avons envoy\u00e9 un courrier [&hellip;]<\/p>\n","protected":false},"author":1,"featured_media":1992,"comment_status":"closed","ping_status":"closed","sticky":false,"template":"","format":"standard","meta":{"_exactmetrics_skip_tracking":false,"_exactmetrics_sitenote_active":false,"_exactmetrics_sitenote_note":"","_exactmetrics_sitenote_category":0,"footnotes":""},"categories":[2,3],"tags":[],"class_list":["post-3251","post","type-post","status-publish","format-standard","has-post-thumbnail","hentry","category-actu","category-institution"],"_links":{"self":[{"href":"https:\/\/ville-sous-anjou.fr\/index.php?rest_route=\/wp\/v2\/posts\/3251","targetHints":{"allow":["GET"]}}],"collection":[{"href":"https:\/\/ville-sous-anjou.fr\/index.php?rest_route=\/wp\/v2\/posts"}],"about":[{"href":"https:\/\/ville-sous-anjou.fr\/index.php?rest_route=\/wp\/v2\/types\/post"}],"author":[{"embeddable":true,"href":"https:\/\/ville-sous-anjou.fr\/index.php?rest_route=\/wp\/v2\/users\/1"}],"replies":[{"embeddable":true,"href":"https:\/\/ville-sous-anjou.fr\/index.php?rest_route=%2Fwp%2Fv2%2Fcomments&post=3251"}],"version-history":[{"count":1,"href":"https:\/\/ville-sous-anjou.fr\/index.php?rest_route=\/wp\/v2\/posts\/3251\/revisions"}],"predecessor-version":[{"id":3252,"href":"https:\/\/ville-sous-anjou.fr\/index.php?rest_route=\/wp\/v2\/posts\/3251\/revisions\/3252"}],"wp:featuredmedia":[{"embeddable":true,"href":"https:\/\/ville-sous-anjou.fr\/index.php?rest_route=\/wp\/v2\/media\/1992"}],"wp:attachment":[{"href":"https:\/\/ville-sous-anjou.fr\/index.php?rest_route=%2Fwp%2Fv2%2Fmedia&parent=3251"}],"wp:term":[{"taxonomy":"category","embeddable":true,"href":"https:\/\/ville-sous-anjou.fr\/index.php?rest_route=%2Fwp%2Fv2%2Fcategories&post=3251"},{"taxonomy":"post_tag","embeddable":true,"href":"https:\/\/ville-sous-anjou.fr\/index.php?rest_route=%2Fwp%2Fv2%2Ftags&post=3251"}],"curies":[{"name":"wp","href":"https:\/\/api.w.org\/{rel}","templated":true}]}}