{"id":3275,"date":"2025-04-23T07:21:07","date_gmt":"2025-04-23T07:21:07","guid":{"rendered":"https:\/\/ville-sous-anjou.fr\/?p=3275"},"modified":"2025-04-23T07:22:09","modified_gmt":"2025-04-23T07:22:09","slug":"soiree-a-la-mediatheque-le-6-mai-loi-veil-50-ans","status":"publish","type":"post","link":"https:\/\/ville-sous-anjou.fr\/?p=3275","title":{"rendered":"Soir\u00e9e \u00e0 la m\u00e9diath\u00e8que le 6 mai \u00a0\u00bb Loi Veil, 50 ans\u00a0\u00bb"},"content":{"rendered":"\n<p>Dans le cadre des 50 ans de la loi Veil, diff\u00e9rentes animations sont propos\u00e9es sur le R\u00e9seau EcuME m\u00e9diath\u00e8ques en partenariat avec le centre de Sant\u00e9 Sexuelle Li\u00e9na de Roussillon.<\/p>\n\n\n\n<p>Le vernissage de l&rsquo;exposition con\u00e7ue \u00e0 cette occasion aura lieu le <strong><u>mardi 6 mai \u00e0 18 h \u00e0 la m\u00e9diath\u00e8que de Ville sous Anjou<\/u><\/strong>,.<\/p>\n\n\n\n<p>Il sera suivi par une<strong><u> lecture-spectacle \u00ab\u00a0Gis\u00e8le et Simone\u00a0\u00bb \u00e0 19 h 30<\/u><\/strong> r\u00e9alis\u00e9e par la compagnie Novecento, dur\u00e9e d&rsquo;une heure, sur inscription.<\/p>\n\n\n\n<p><em><a href=\"http:\/\/ville-sous-anjou.fr\/wp-content\/uploads\/2025\/04\/LOI-VEIL.pdf\" target=\"_blank\" rel=\"noreferrer noopener\">Information sur affiche en pi\u00e8ce jointe.<\/a><\/em><\/p>\n\n\n\n<p><\/p>\n","protected":false},"excerpt":{"rendered":"<p>Dans le cadre des 50 ans de la loi Veil, diff\u00e9rentes animations sont propos\u00e9es sur le R\u00e9seau EcuME m\u00e9diath\u00e8ques en partenariat avec le centre de Sant\u00e9 Sexuelle Li\u00e9na de Roussillon. Le vernissage de l&rsquo;exposition con\u00e7ue \u00e0 cette occasion aura lieu le mardi 6 mai \u00e0 18 h \u00e0 la m\u00e9diath\u00e8que [&hellip;]<\/p>\n","protected":false},"author":1,"featured_media":3278,"comment_status":"closed","ping_status":"closed","sticky":false,"template":"","format":"standard","meta":{"_exactmetrics_skip_tracking":false,"_exactmetrics_sitenote_active":false,"_exactmetrics_sitenote_note":"","_exactmetrics_sitenote_category":0,"footnotes":""},"categories":[2,14,10],"tags":[],"class_list":["post-3275","post","type-post","status-publish","format-standard","has-post-thumbnail","hentry","category-actu","category-bibliotheque","category-jeunesse"],"_links":{"self":[{"href":"https:\/\/ville-sous-anjou.fr\/index.php?rest_route=\/wp\/v2\/posts\/3275","targetHints":{"allow":["GET"]}}],"collection":[{"href":"https:\/\/ville-sous-anjou.fr\/index.php?rest_route=\/wp\/v2\/posts"}],"about":[{"href":"https:\/\/ville-sous-anjou.fr\/index.php?rest_route=\/wp\/v2\/types\/post"}],"author":[{"embeddable":true,"href":"https:\/\/ville-sous-anjou.fr\/index.php?rest_route=\/wp\/v2\/users\/1"}],"replies":[{"embeddable":true,"href":"https:\/\/ville-sous-anjou.fr\/index.php?rest_route=%2Fwp%2Fv2%2Fcomments&post=3275"}],"version-history":[{"count":1,"href":"https:\/\/ville-sous-anjou.fr\/index.php?rest_route=\/wp\/v2\/posts\/3275\/revisions"}],"predecessor-version":[{"id":3277,"href":"https:\/\/ville-sous-anjou.fr\/index.php?rest_route=\/wp\/v2\/posts\/3275\/revisions\/3277"}],"wp:featuredmedia":[{"embeddable":true,"href":"https:\/\/ville-sous-anjou.fr\/index.php?rest_route=\/wp\/v2\/media\/3278"}],"wp:attachment":[{"href":"https:\/\/ville-sous-anjou.fr\/index.php?rest_route=%2Fwp%2Fv2%2Fmedia&parent=3275"}],"wp:term":[{"taxonomy":"category","embeddable":true,"href":"https:\/\/ville-sous-anjou.fr\/index.php?rest_route=%2Fwp%2Fv2%2Fcategories&post=3275"},{"taxonomy":"post_tag","embeddable":true,"href":"https:\/\/ville-sous-anjou.fr\/index.php?rest_route=%2Fwp%2Fv2%2Ftags&post=3275"}],"curies":[{"name":"wp","href":"https:\/\/api.w.org\/{rel}","templated":true}]}}