{"id":3311,"date":"2025-07-08T09:34:29","date_gmt":"2025-07-08T09:34:29","guid":{"rendered":"https:\/\/ville-sous-anjou.fr\/?p=3311"},"modified":"2025-07-08T09:42:15","modified_gmt":"2025-07-08T09:42:15","slug":"le-document-dinformation-communal-sur-les-risques-majeurs-le-dicrim","status":"publish","type":"post","link":"https:\/\/ville-sous-anjou.fr\/?p=3311","title":{"rendered":"Le Document d&rsquo;Information Communal sur les Risques Majeurs ( Le DICRIM)."},"content":{"rendered":"\n<p>Ce document \u00e9labor\u00e9 par le commune, vous rappelle les bons r\u00e9flexes \u00e0 avoir en cas d&rsquo;\u00e9v\u00e8nements majeurs qui peuvent survenir sur notre territoire. Parall\u00e8lement, le Plan Communal de Sauvegarde ( PCS) est r\u00e9guli\u00e8rement mis \u00e0 jour, c&rsquo;est\u00a0 un document op\u00e9rationnel permettant d&rsquo;organiser les secours. Le document DICRIM est disponible dans l&rsquo;onglet\u00a0<em>Mairie\/Nos publications.<\/em><\/p>\n\n\n\n<p><\/p>\n","protected":false},"excerpt":{"rendered":"<p>Ce document \u00e9labor\u00e9 par le commune, vous rappelle les bons r\u00e9flexes \u00e0 avoir en cas d&rsquo;\u00e9v\u00e8nements majeurs qui peuvent survenir sur notre territoire. Parall\u00e8lement, le Plan Communal de Sauvegarde ( PCS) est r\u00e9guli\u00e8rement mis \u00e0 jour, c&rsquo;est\u00a0 un document op\u00e9rationnel permettant d&rsquo;organiser les secours. Le document DICRIM est disponible dans [&hellip;]<\/p>\n","protected":false},"author":1,"featured_media":0,"comment_status":"closed","ping_status":"closed","sticky":false,"template":"","format":"standard","meta":{"_exactmetrics_skip_tracking":false,"_exactmetrics_sitenote_active":false,"_exactmetrics_sitenote_note":"","_exactmetrics_sitenote_category":0,"footnotes":""},"categories":[2],"tags":[],"class_list":["post-3311","post","type-post","status-publish","format-standard","hentry","category-actu"],"_links":{"self":[{"href":"https:\/\/ville-sous-anjou.fr\/index.php?rest_route=\/wp\/v2\/posts\/3311","targetHints":{"allow":["GET"]}}],"collection":[{"href":"https:\/\/ville-sous-anjou.fr\/index.php?rest_route=\/wp\/v2\/posts"}],"about":[{"href":"https:\/\/ville-sous-anjou.fr\/index.php?rest_route=\/wp\/v2\/types\/post"}],"author":[{"embeddable":true,"href":"https:\/\/ville-sous-anjou.fr\/index.php?rest_route=\/wp\/v2\/users\/1"}],"replies":[{"embeddable":true,"href":"https:\/\/ville-sous-anjou.fr\/index.php?rest_route=%2Fwp%2Fv2%2Fcomments&post=3311"}],"version-history":[{"count":1,"href":"https:\/\/ville-sous-anjou.fr\/index.php?rest_route=\/wp\/v2\/posts\/3311\/revisions"}],"predecessor-version":[{"id":3314,"href":"https:\/\/ville-sous-anjou.fr\/index.php?rest_route=\/wp\/v2\/posts\/3311\/revisions\/3314"}],"wp:attachment":[{"href":"https:\/\/ville-sous-anjou.fr\/index.php?rest_route=%2Fwp%2Fv2%2Fmedia&parent=3311"}],"wp:term":[{"taxonomy":"category","embeddable":true,"href":"https:\/\/ville-sous-anjou.fr\/index.php?rest_route=%2Fwp%2Fv2%2Fcategories&post=3311"},{"taxonomy":"post_tag","embeddable":true,"href":"https:\/\/ville-sous-anjou.fr\/index.php?rest_route=%2Fwp%2Fv2%2Ftags&post=3311"}],"curies":[{"name":"wp","href":"https:\/\/api.w.org\/{rel}","templated":true}]}}