{"id":3362,"date":"2026-01-08T10:47:28","date_gmt":"2026-01-08T10:47:28","guid":{"rendered":"https:\/\/ville-sous-anjou.fr\/?p=3362"},"modified":"2026-01-08T10:50:06","modified_gmt":"2026-01-08T10:50:06","slug":"recensement-de-la-population-du-15-janvier-au-14-fevrier-2026","status":"publish","type":"post","link":"https:\/\/ville-sous-anjou.fr\/?p=3362","title":{"rendered":"Recensement de la population du 15 janvier au 14 f\u00e9vrier 2026!"},"content":{"rendered":"\n<p>Trois agents recenseurs, recrut\u00e9s par la commune, se pr\u00e9senteront dans\u00a0 tous les foyers. Chaque agent intervient sur un secteur d\u00e9fini de la commune: <\/p>\n\n\n\n<p>Emilia Santos-Martins ( au centre sur la photo) pour le secteur Grange-Neuve, Chinay, <\/p>\n\n\n\n<p>Lison Eymin ( \u00e0 droite sur la photo) pour le secteur du village, <\/p>\n\n\n\n<p>Justine Dargaud ( \u00e0 gauche sur la photo) pour le reste de la commune.<\/p>\n\n\n\n<figure class=\"wp-block-image size-large\"><img loading=\"lazy\" decoding=\"async\" width=\"939\" height=\"1024\" src=\"http:\/\/ville-sous-anjou.fr\/wp-content\/uploads\/2026\/01\/les-agents-recenseurs-939x1024.jpg\" alt=\"\" class=\"wp-image-3363\" srcset=\"https:\/\/ville-sous-anjou.fr\/wp-content\/uploads\/2026\/01\/les-agents-recenseurs-939x1024.jpg 939w, https:\/\/ville-sous-anjou.fr\/wp-content\/uploads\/2026\/01\/les-agents-recenseurs-275x300.jpg 275w, https:\/\/ville-sous-anjou.fr\/wp-content\/uploads\/2026\/01\/les-agents-recenseurs-768x837.jpg 768w, https:\/\/ville-sous-anjou.fr\/wp-content\/uploads\/2026\/01\/les-agents-recenseurs-1409x1536.jpg 1409w, https:\/\/ville-sous-anjou.fr\/wp-content\/uploads\/2026\/01\/les-agents-recenseurs.jpg 1541w\" sizes=\"auto, (max-width: 939px) 100vw, 939px\" \/><\/figure>\n\n\n\n<p>Les agents, munis d&rsquo;une carte officielle d\u00e9livr\u00e9e par l&rsquo;Insee,\u00a0 remettront les questionnaires\u00a0 et conviendront d&rsquo;un rendez-vous pour les r\u00e9cup\u00e9rer plus tard.Les personnes qui le souhaitent, pourront se recenser en ligne\u00a0sur le site <a href=\"https:\/\/www.le-recensement-et-moi.fr\/\" target=\"_blank\" rel=\"noreferrer noopener\">Le-recensement-et-moi.fr<\/a>. elles auront un identifiant de connexion.<\/p>\n\n\n\n<p>Le recensement de la population est un acte civique, obligatoire, qui concerne tout le monde et qui profite \u00e0 tous.\u00a0 <\/p>\n\n\n\n<p>Tous les renseignements r\u00e9colt\u00e9s restent confidentiels et prot\u00e9g\u00e9s.<\/p>\n","protected":false},"excerpt":{"rendered":"<p>Trois agents recenseurs, recrut\u00e9s par la commune, se pr\u00e9senteront dans\u00a0 tous les foyers. Chaque agent intervient sur un secteur d\u00e9fini de la commune: Emilia Santos-Martins ( au centre sur la photo) pour le secteur Grange-Neuve, Chinay, Lison Eymin ( \u00e0 droite sur la photo) pour le secteur du village, Justine [&hellip;]<\/p>\n","protected":false},"author":1,"featured_media":3364,"comment_status":"closed","ping_status":"closed","sticky":false,"template":"","format":"standard","meta":{"_exactmetrics_skip_tracking":false,"_exactmetrics_sitenote_active":false,"_exactmetrics_sitenote_note":"","_exactmetrics_sitenote_category":0,"footnotes":""},"categories":[3],"tags":[],"class_list":["post-3362","post","type-post","status-publish","format-standard","has-post-thumbnail","hentry","category-institution"],"_links":{"self":[{"href":"https:\/\/ville-sous-anjou.fr\/index.php?rest_route=\/wp\/v2\/posts\/3362","targetHints":{"allow":["GET"]}}],"collection":[{"href":"https:\/\/ville-sous-anjou.fr\/index.php?rest_route=\/wp\/v2\/posts"}],"about":[{"href":"https:\/\/ville-sous-anjou.fr\/index.php?rest_route=\/wp\/v2\/types\/post"}],"author":[{"embeddable":true,"href":"https:\/\/ville-sous-anjou.fr\/index.php?rest_route=\/wp\/v2\/users\/1"}],"replies":[{"embeddable":true,"href":"https:\/\/ville-sous-anjou.fr\/index.php?rest_route=%2Fwp%2Fv2%2Fcomments&post=3362"}],"version-history":[{"count":1,"href":"https:\/\/ville-sous-anjou.fr\/index.php?rest_route=\/wp\/v2\/posts\/3362\/revisions"}],"predecessor-version":[{"id":3365,"href":"https:\/\/ville-sous-anjou.fr\/index.php?rest_route=\/wp\/v2\/posts\/3362\/revisions\/3365"}],"wp:featuredmedia":[{"embeddable":true,"href":"https:\/\/ville-sous-anjou.fr\/index.php?rest_route=\/wp\/v2\/media\/3364"}],"wp:attachment":[{"href":"https:\/\/ville-sous-anjou.fr\/index.php?rest_route=%2Fwp%2Fv2%2Fmedia&parent=3362"}],"wp:term":[{"taxonomy":"category","embeddable":true,"href":"https:\/\/ville-sous-anjou.fr\/index.php?rest_route=%2Fwp%2Fv2%2Fcategories&post=3362"},{"taxonomy":"post_tag","embeddable":true,"href":"https:\/\/ville-sous-anjou.fr\/index.php?rest_route=%2Fwp%2Fv2%2Ftags&post=3362"}],"curies":[{"name":"wp","href":"https:\/\/api.w.org\/{rel}","templated":true}]}}