{"id":3430,"date":"2026-04-28T11:58:19","date_gmt":"2026-04-28T11:58:19","guid":{"rendered":"https:\/\/ville-sous-anjou.fr\/?p=3430"},"modified":"2026-04-28T12:01:28","modified_gmt":"2026-04-28T12:01:28","slug":"commemoration-du-8-mai-1945-6","status":"publish","type":"post","link":"https:\/\/ville-sous-anjou.fr\/?p=3430","title":{"rendered":"Comm\u00e9moration du 8 mai 1945"},"content":{"rendered":"\n<p>L&rsquo;ensemble de l&rsquo;Equipe Municipale invite la population \u00e0 participer \u00e0 la c\u00e9r\u00e9monie de\u00a0 comm\u00e9moration de la fin de la seconde guerre mondiale en Europe. Le rassemblement a lieu \u00e0 11h00 au monument aux morts.<\/p>\n\n\n\n<p><\/p>\n","protected":false},"excerpt":{"rendered":"<p>L&rsquo;ensemble de l&rsquo;Equipe Municipale invite la population \u00e0 participer \u00e0 la c\u00e9r\u00e9monie de\u00a0 comm\u00e9moration de la fin de la seconde guerre mondiale en Europe. Le rassemblement a lieu \u00e0 11h00 au monument aux morts.<\/p>\n","protected":false},"author":1,"featured_media":3432,"comment_status":"closed","ping_status":"closed","sticky":false,"template":"","format":"standard","meta":{"_exactmetrics_skip_tracking":false,"_exactmetrics_sitenote_active":false,"_exactmetrics_sitenote_note":"","_exactmetrics_sitenote_category":0,"footnotes":""},"categories":[1],"tags":[],"class_list":["post-3430","post","type-post","status-publish","format-standard","has-post-thumbnail","hentry","category-non-classe"],"_links":{"self":[{"href":"https:\/\/ville-sous-anjou.fr\/index.php?rest_route=\/wp\/v2\/posts\/3430","targetHints":{"allow":["GET"]}}],"collection":[{"href":"https:\/\/ville-sous-anjou.fr\/index.php?rest_route=\/wp\/v2\/posts"}],"about":[{"href":"https:\/\/ville-sous-anjou.fr\/index.php?rest_route=\/wp\/v2\/types\/post"}],"author":[{"embeddable":true,"href":"https:\/\/ville-sous-anjou.fr\/index.php?rest_route=\/wp\/v2\/users\/1"}],"replies":[{"embeddable":true,"href":"https:\/\/ville-sous-anjou.fr\/index.php?rest_route=%2Fwp%2Fv2%2Fcomments&post=3430"}],"version-history":[{"count":1,"href":"https:\/\/ville-sous-anjou.fr\/index.php?rest_route=\/wp\/v2\/posts\/3430\/revisions"}],"predecessor-version":[{"id":3431,"href":"https:\/\/ville-sous-anjou.fr\/index.php?rest_route=\/wp\/v2\/posts\/3430\/revisions\/3431"}],"wp:featuredmedia":[{"embeddable":true,"href":"https:\/\/ville-sous-anjou.fr\/index.php?rest_route=\/wp\/v2\/media\/3432"}],"wp:attachment":[{"href":"https:\/\/ville-sous-anjou.fr\/index.php?rest_route=%2Fwp%2Fv2%2Fmedia&parent=3430"}],"wp:term":[{"taxonomy":"category","embeddable":true,"href":"https:\/\/ville-sous-anjou.fr\/index.php?rest_route=%2Fwp%2Fv2%2Fcategories&post=3430"},{"taxonomy":"post_tag","embeddable":true,"href":"https:\/\/ville-sous-anjou.fr\/index.php?rest_route=%2Fwp%2Fv2%2Ftags&post=3430"}],"curies":[{"name":"wp","href":"https:\/\/api.w.org\/{rel}","templated":true}]}}