{"id":3501,"date":"2026-08-31T08:37:08","date_gmt":"2026-08-31T08:37:08","guid":{"rendered":"https:\/\/ville-sous-anjou.fr\/?p=3501"},"modified":"2026-08-31T08:37:09","modified_gmt":"2026-08-31T08:37:09","slug":"presentation-de-lhistorique-du-chateau-de-terrebasse-les-19-et-20-septembre-2026","status":"publish","type":"post","link":"https:\/\/ville-sous-anjou.fr\/?p=3501","title":{"rendered":"Pr\u00e9sentation de l&rsquo;historique du ch\u00e2teau de Terrebasse les 19 et 20 septembre 2026!"},"content":{"rendered":"\n<p>Dans le cadre des Journ\u00e9es Europ\u00e9ennes du Patrimoine des 19 et 20 septembre, une pr\u00e9sentation historique du ch\u00e2teau de Terrebasse et des familles qui l&rsquo;ont habit\u00e9 au cours des si\u00e8cles sera faite en partenariat avec la Mairie et l&rsquo;appui de la R\u00e9serve Communale de S\u00e9curit\u00e9 Civile dans la salle des armoiries du ch\u00e2teau. Elle sera suivie d&rsquo;une visite guid\u00e9e des terrasses.<\/p>\n\n\n\n<p>Trois cr\u00e9neaux de visite d&rsquo;une dur\u00e9e de 1h15 sont ouverts \u00e0 la r\u00e9servation pour les journ\u00e9es du samedi apr\u00e8s-midi \u00e0 15h00, 16h15, 17h30&nbsp; et le dimanche apr\u00e8s-midi \u00e0 15h00, 16h15, 17h30. Places limit\u00e9es \u00e0 10 personnes par visites avec une priorit\u00e9 aux habitants de Ville-sous-Anjou, r\u00e9servation obligatoire aupr\u00e8s du secr\u00e9tariat de Mairie. Le lieu de rendez-vous sera pr\u00e9cis\u00e9 au moment de la r\u00e9servation.<\/p>\n\n\n\n<p><em>Accueil Mairie les lundi, mardi, jeudi et vendredi de 8h30 \u00e0 10h00 et t\u00e9l de 8h30 \u00e0 12h00<\/em><\/p>\n\n\n\n<p><em>E.mail: <a href=\"mailto:mairie@ville-sous-anjou.fr\" target=\"_blank\" rel=\"noreferrer noopener\">mairie@ville-sous-anjou.fr<\/a><\/em><\/p>\n\n\n\n<p><\/p>\n","protected":false},"excerpt":{"rendered":"<p>Dans le cadre des Journ\u00e9es Europ\u00e9ennes du Patrimoine des 19 et 20 septembre, une pr\u00e9sentation historique du ch\u00e2teau de Terrebasse et des familles qui l&rsquo;ont habit\u00e9 au cours des si\u00e8cles sera faite en partenariat avec la Mairie et l&rsquo;appui de la R\u00e9serve Communale de S\u00e9curit\u00e9 Civile dans la salle des [&hellip;]<\/p>\n","protected":false},"author":1,"featured_media":3500,"comment_status":"closed","ping_status":"closed","sticky":false,"template":"","format":"standard","meta":{"_exactmetrics_skip_tracking":false,"footnotes":""},"categories":[27],"tags":[],"class_list":["post-3501","post","type-post","status-publish","format-standard","has-post-thumbnail","hentry","category-patrimoine"],"_links":{"self":[{"href":"https:\/\/ville-sous-anjou.fr\/index.php?rest_route=\/wp\/v2\/posts\/3501","targetHints":{"allow":["GET"]}}],"collection":[{"href":"https:\/\/ville-sous-anjou.fr\/index.php?rest_route=\/wp\/v2\/posts"}],"about":[{"href":"https:\/\/ville-sous-anjou.fr\/index.php?rest_route=\/wp\/v2\/types\/post"}],"author":[{"embeddable":true,"href":"https:\/\/ville-sous-anjou.fr\/index.php?rest_route=\/wp\/v2\/users\/1"}],"replies":[{"embeddable":true,"href":"https:\/\/ville-sous-anjou.fr\/index.php?rest_route=%2Fwp%2Fv2%2Fcomments&post=3501"}],"version-history":[{"count":1,"href":"https:\/\/ville-sous-anjou.fr\/index.php?rest_route=\/wp\/v2\/posts\/3501\/revisions"}],"predecessor-version":[{"id":3502,"href":"https:\/\/ville-sous-anjou.fr\/index.php?rest_route=\/wp\/v2\/posts\/3501\/revisions\/3502"}],"wp:featuredmedia":[{"embeddable":true,"href":"https:\/\/ville-sous-anjou.fr\/index.php?rest_route=\/wp\/v2\/media\/3500"}],"wp:attachment":[{"href":"https:\/\/ville-sous-anjou.fr\/index.php?rest_route=%2Fwp%2Fv2%2Fmedia&parent=3501"}],"wp:term":[{"taxonomy":"category","embeddable":true,"href":"https:\/\/ville-sous-anjou.fr\/index.php?rest_route=%2Fwp%2Fv2%2Fcategories&post=3501"},{"taxonomy":"post_tag","embeddable":true,"href":"https:\/\/ville-sous-anjou.fr\/index.php?rest_route=%2Fwp%2Fv2%2Ftags&post=3501"}],"curies":[{"name":"wp","href":"https:\/\/api.w.org\/{rel}","templated":true}]}}