{"id":696,"date":"2015-01-14T16:09:09","date_gmt":"2015-01-14T16:09:09","guid":{"rendered":"http:\/\/ville-sous-anjou.fr\/?p=696"},"modified":"2015-01-15T06:23:06","modified_gmt":"2015-01-15T06:23:06","slug":"recensement-de-la-population-2015","status":"publish","type":"post","link":"https:\/\/ville-sous-anjou.fr\/?p=696","title":{"rendered":"Recensement de la population 2015"},"content":{"rendered":"<p>Cette ann\u00e9e, le recensement se d\u00e9roule dans notre commune !<\/p>\n<p>Yves Lafumas, Maire Adjoint, est le coordonnateur du recensement qui se d\u00e9roulera du 15 janvier 2015 au 14 f\u00e9vrier 2015 sur la commune. Pour cette op\u00e9ration, la commune est divis\u00e9e en 3 districts, un agent recenseur est affect\u00e9 \u00e0 chaque district\u00a0: Mme Giliane GROS sur une partie du village et les quartiers voisins, Mme C\u00e9line JACOUD sur l\u2019autre partie du village et Mme Emilia ALVES-COSTA sur tous les autres quartiers.<\/p>\n<p><!--more--><\/p>\n<p>Lors d\u2019un premier passage \u00e0 votre domicile, il vous sera remis une version papier de l\u2019enqu\u00eate nationale de recensement que vous aurez la possibilit\u00e9 de compl\u00e9ter sur Internet ou la remettre \u00e0 l\u2019agent lors de son second passage.<\/p>\n<p>Merci pour l\u2019accueil que leur r\u00e9serverez. La participation de tous les habitants \u00e0 cette consultation est obligatoire.<\/p>\n<p>&nbsp;<\/p>\n<p>Toute les informations sur le site officiel <a href=\"http:\/\/www.le-recensement-et-moi.fr\/rpetmoi\/accueil\" target=\"_blank\">\u00ab\u00a0le recensement et moi\u00a0\u00bb<\/a><\/p>\n<p><em>Vos agents recenseurs :<\/em><\/p>\n<p><a href=\"http:\/\/ville-sous-anjou.fr\/wp-content\/uploads\/2015\/01\/agents-recenseurs.jpg\"><img loading=\"lazy\" decoding=\"async\" class=\"alignnone size-medium wp-image-695\" src=\"http:\/\/ville-sous-anjou.fr\/wp-content\/uploads\/2015\/01\/agents-recenseurs-230x300.jpg\" alt=\"agents recenseurs\" width=\"230\" height=\"300\" srcset=\"https:\/\/ville-sous-anjou.fr\/wp-content\/uploads\/2015\/01\/agents-recenseurs-230x300.jpg 230w, https:\/\/ville-sous-anjou.fr\/wp-content\/uploads\/2015\/01\/agents-recenseurs-787x1024.jpg 787w, https:\/\/ville-sous-anjou.fr\/wp-content\/uploads\/2015\/01\/agents-recenseurs.jpg 1421w\" sizes=\"auto, (max-width: 230px) 100vw, 230px\" \/><\/a><\/p>\n<p>&nbsp;<\/p>\n","protected":false},"excerpt":{"rendered":"<p>Cette ann\u00e9e, le recensement se d\u00e9roule dans notre commune ! Yves Lafumas, Maire Adjoint, est le coordonnateur du recensement qui se d\u00e9roulera du 15 janvier 2015 au 14 f\u00e9vrier 2015 sur la commune. Pour cette op\u00e9ration, la commune est divis\u00e9e en 3 districts, un agent recenseur est affect\u00e9 \u00e0 chaque [&hellip;]<\/p>\n","protected":false},"author":1,"featured_media":697,"comment_status":"closed","ping_status":"closed","sticky":false,"template":"","format":"standard","meta":{"_exactmetrics_skip_tracking":false,"_exactmetrics_sitenote_active":false,"_exactmetrics_sitenote_note":"","_exactmetrics_sitenote_category":0,"footnotes":""},"categories":[3],"tags":[],"class_list":["post-696","post","type-post","status-publish","format-standard","has-post-thumbnail","hentry","category-institution"],"_links":{"self":[{"href":"https:\/\/ville-sous-anjou.fr\/index.php?rest_route=\/wp\/v2\/posts\/696","targetHints":{"allow":["GET"]}}],"collection":[{"href":"https:\/\/ville-sous-anjou.fr\/index.php?rest_route=\/wp\/v2\/posts"}],"about":[{"href":"https:\/\/ville-sous-anjou.fr\/index.php?rest_route=\/wp\/v2\/types\/post"}],"author":[{"embeddable":true,"href":"https:\/\/ville-sous-anjou.fr\/index.php?rest_route=\/wp\/v2\/users\/1"}],"replies":[{"embeddable":true,"href":"https:\/\/ville-sous-anjou.fr\/index.php?rest_route=%2Fwp%2Fv2%2Fcomments&post=696"}],"version-history":[{"count":3,"href":"https:\/\/ville-sous-anjou.fr\/index.php?rest_route=\/wp\/v2\/posts\/696\/revisions"}],"predecessor-version":[{"id":718,"href":"https:\/\/ville-sous-anjou.fr\/index.php?rest_route=\/wp\/v2\/posts\/696\/revisions\/718"}],"wp:featuredmedia":[{"embeddable":true,"href":"https:\/\/ville-sous-anjou.fr\/index.php?rest_route=\/wp\/v2\/media\/697"}],"wp:attachment":[{"href":"https:\/\/ville-sous-anjou.fr\/index.php?rest_route=%2Fwp%2Fv2%2Fmedia&parent=696"}],"wp:term":[{"taxonomy":"category","embeddable":true,"href":"https:\/\/ville-sous-anjou.fr\/index.php?rest_route=%2Fwp%2Fv2%2Fcategories&post=696"},{"taxonomy":"post_tag","embeddable":true,"href":"https:\/\/ville-sous-anjou.fr\/index.php?rest_route=%2Fwp%2Fv2%2Ftags&post=696"}],"curies":[{"name":"wp","href":"https:\/\/api.w.org\/{rel}","templated":true}]}}