{"id":771,"date":"2015-01-26T07:53:51","date_gmt":"2015-01-26T07:53:51","guid":{"rendered":"http:\/\/ville-sous-anjou.fr\/?p=771"},"modified":"2015-01-26T07:56:38","modified_gmt":"2015-01-26T07:56:38","slug":"bourse-bafa-citoyen","status":"publish","type":"post","link":"https:\/\/ville-sous-anjou.fr\/?p=771","title":{"rendered":"Bourse Bafa citoyen"},"content":{"rendered":"<p><strong>La CCPR et le dispositif Bourse Bafa citoyen <\/strong><\/p>\n<p>Vous avez entre 17 et 25 ans, vous r\u00e9sidez sur le territoire de la CCPR et vous \u00eates motiv\u00e9s pour pr\u00e9parer le Brevet d\u2019Aptitude aux Fonctions d\u2019Animateur\u00a0!<\/p>\n<p><!--more--><\/p>\n<p>La Bourse Bafa citoyen mise en place par la Communaut\u00e9 de Commune du Pays Roussillonnais est faite pour vous aider.<\/p>\n<p><a title=\"Plaquette d'information pour la bourse Bafa citoyen\" href=\"http:\/\/ville-sous-anjou.fr\/wp-content\/uploads\/2015\/01\/Plaquette-dinformation-Objectif-bafa-citoyen-CCPR-2015.pdf\" target=\"_blank\"><em>T\u00e9l\u00e9charger la plaquette d\u2019information.<\/em><\/a><\/p>\n","protected":false},"excerpt":{"rendered":"<p>La CCPR et le dispositif Bourse Bafa citoyen Vous avez entre 17 et 25 ans, vous r\u00e9sidez sur le territoire de la CCPR et vous \u00eates motiv\u00e9s pour pr\u00e9parer le Brevet d\u2019Aptitude aux Fonctions d\u2019Animateur\u00a0!<\/p>\n","protected":false},"author":1,"featured_media":776,"comment_status":"closed","ping_status":"closed","sticky":false,"template":"","format":"standard","meta":{"_exactmetrics_skip_tracking":false,"_exactmetrics_sitenote_active":false,"_exactmetrics_sitenote_note":"","_exactmetrics_sitenote_category":0,"footnotes":""},"categories":[2],"tags":[],"class_list":["post-771","post","type-post","status-publish","format-standard","has-post-thumbnail","hentry","category-actu"],"_links":{"self":[{"href":"https:\/\/ville-sous-anjou.fr\/index.php?rest_route=\/wp\/v2\/posts\/771","targetHints":{"allow":["GET"]}}],"collection":[{"href":"https:\/\/ville-sous-anjou.fr\/index.php?rest_route=\/wp\/v2\/posts"}],"about":[{"href":"https:\/\/ville-sous-anjou.fr\/index.php?rest_route=\/wp\/v2\/types\/post"}],"author":[{"embeddable":true,"href":"https:\/\/ville-sous-anjou.fr\/index.php?rest_route=\/wp\/v2\/users\/1"}],"replies":[{"embeddable":true,"href":"https:\/\/ville-sous-anjou.fr\/index.php?rest_route=%2Fwp%2Fv2%2Fcomments&post=771"}],"version-history":[{"count":4,"href":"https:\/\/ville-sous-anjou.fr\/index.php?rest_route=\/wp\/v2\/posts\/771\/revisions"}],"predecessor-version":[{"id":777,"href":"https:\/\/ville-sous-anjou.fr\/index.php?rest_route=\/wp\/v2\/posts\/771\/revisions\/777"}],"wp:featuredmedia":[{"embeddable":true,"href":"https:\/\/ville-sous-anjou.fr\/index.php?rest_route=\/wp\/v2\/media\/776"}],"wp:attachment":[{"href":"https:\/\/ville-sous-anjou.fr\/index.php?rest_route=%2Fwp%2Fv2%2Fmedia&parent=771"}],"wp:term":[{"taxonomy":"category","embeddable":true,"href":"https:\/\/ville-sous-anjou.fr\/index.php?rest_route=%2Fwp%2Fv2%2Fcategories&post=771"},{"taxonomy":"post_tag","embeddable":true,"href":"https:\/\/ville-sous-anjou.fr\/index.php?rest_route=%2Fwp%2Fv2%2Ftags&post=771"}],"curies":[{"name":"wp","href":"https:\/\/api.w.org\/{rel}","templated":true}]}}