{"id":990,"date":"2015-07-06T12:37:10","date_gmt":"2015-07-06T12:37:10","guid":{"rendered":"http:\/\/ville-sous-anjou.fr\/?p=990"},"modified":"2015-07-20T14:37:24","modified_gmt":"2015-07-20T14:37:24","slug":"le-reseau-tpr-evolue","status":"publish","type":"post","link":"https:\/\/ville-sous-anjou.fr\/?p=990","title":{"rendered":"Le r\u00e9seau TPR \u00e9volue !"},"content":{"rendered":"<p>Au 1er juillet 2015, les services propos\u00e9s par le r\u00e9seau des Transports du Pays Roussillonnais \u00e9voluent pour offrir une plus grande proximit\u00e9 et mieux s&rsquo;adapter aux besoins des habitants.<\/p>\n<p>Les horaires de la ligne A ont \u00e9t\u00e9 avanc\u00e9s de 15 minutes afin d&rsquo;assurer une meilleure correspondance avec certains trains de la gare SNCF du P\u00e9age-de-Roussillon.<\/p>\n<p><!--more--><\/p>\n<p>Les 5 lignes de TAD sont d\u00e9sormais remplac\u00e9es par les zones TAD Nord, Centre et Sud qui regroupent 76 points d&rsquo;arr\u00eat, soit une trentaine de points suppl\u00e9mentaires pour offrir plus de proximit\u00e9 aux habitants du Pays Roussillonnais.<\/p>\n<p><strong>Sur Ville sous Anjou il y a maintenant 7 points d\u2019arr\u00eat\u00a0: Mairie, Poncin, Grange Neuve, Cimeti\u00e8re de Ville, Le Lac, Les Eynauds, Champ\u00e9rin.<\/strong><\/p>\n<p>Le TAD ACCESS\u2019, service de transport \u00e0 la demande r\u00e9serv\u00e9 aux personnes \u00e0 mobilit\u00e9 r\u00e9duite, est d\u00e9sormais accessible <strong>aux personnes \u00e2g\u00e9es de plus de 75<\/strong> <strong>ans.<\/strong> Il assure une prise en charge et une d\u00e9pose en porte \u00e0 porte et r\u00e9pond \u00e0 la demande dans la limite des places disponibles.<\/p>\n<p>Pour en savoir plus consultez le guide pratique <a href=\"http:\/\/ville-sous-anjou.fr\/wp-content\/uploads\/2015\/07\/TPR-guide-pratique-2015-web.pdf\" target=\"_blank\">t\u00e9l\u00e9chargeable ici<\/a>.<\/p>\n","protected":false},"excerpt":{"rendered":"<p>Au 1er juillet 2015, les services propos\u00e9s par le r\u00e9seau des Transports du Pays Roussillonnais \u00e9voluent pour offrir une plus grande proximit\u00e9 et mieux s&rsquo;adapter aux besoins des habitants. Les horaires de la ligne A ont \u00e9t\u00e9 avanc\u00e9s de 15 minutes afin d&rsquo;assurer une meilleure correspondance avec certains trains de [&hellip;]<\/p>\n","protected":false},"author":1,"featured_media":994,"comment_status":"closed","ping_status":"closed","sticky":false,"template":"","format":"standard","meta":{"_exactmetrics_skip_tracking":false,"_exactmetrics_sitenote_active":false,"_exactmetrics_sitenote_note":"","_exactmetrics_sitenote_category":0,"footnotes":""},"categories":[2],"tags":[],"class_list":["post-990","post","type-post","status-publish","format-standard","has-post-thumbnail","hentry","category-actu"],"_links":{"self":[{"href":"https:\/\/ville-sous-anjou.fr\/index.php?rest_route=\/wp\/v2\/posts\/990","targetHints":{"allow":["GET"]}}],"collection":[{"href":"https:\/\/ville-sous-anjou.fr\/index.php?rest_route=\/wp\/v2\/posts"}],"about":[{"href":"https:\/\/ville-sous-anjou.fr\/index.php?rest_route=\/wp\/v2\/types\/post"}],"author":[{"embeddable":true,"href":"https:\/\/ville-sous-anjou.fr\/index.php?rest_route=\/wp\/v2\/users\/1"}],"replies":[{"embeddable":true,"href":"https:\/\/ville-sous-anjou.fr\/index.php?rest_route=%2Fwp%2Fv2%2Fcomments&post=990"}],"version-history":[{"count":2,"href":"https:\/\/ville-sous-anjou.fr\/index.php?rest_route=\/wp\/v2\/posts\/990\/revisions"}],"predecessor-version":[{"id":993,"href":"https:\/\/ville-sous-anjou.fr\/index.php?rest_route=\/wp\/v2\/posts\/990\/revisions\/993"}],"wp:featuredmedia":[{"embeddable":true,"href":"https:\/\/ville-sous-anjou.fr\/index.php?rest_route=\/wp\/v2\/media\/994"}],"wp:attachment":[{"href":"https:\/\/ville-sous-anjou.fr\/index.php?rest_route=%2Fwp%2Fv2%2Fmedia&parent=990"}],"wp:term":[{"taxonomy":"category","embeddable":true,"href":"https:\/\/ville-sous-anjou.fr\/index.php?rest_route=%2Fwp%2Fv2%2Fcategories&post=990"},{"taxonomy":"post_tag","embeddable":true,"href":"https:\/\/ville-sous-anjou.fr\/index.php?rest_route=%2Fwp%2Fv2%2Ftags&post=990"}],"curies":[{"name":"wp","href":"https:\/\/api.w.org\/{rel}","templated":true}]}}