{"id":998,"date":"2015-07-10T07:23:55","date_gmt":"2015-07-10T07:23:55","guid":{"rendered":"http:\/\/ville-sous-anjou.fr\/?p=998"},"modified":"2015-07-10T07:23:55","modified_gmt":"2015-07-10T07:23:55","slug":"permanences-dete-a-la-bibliotheque-et-au-cabinet-de-soins","status":"publish","type":"post","link":"https:\/\/ville-sous-anjou.fr\/?p=998","title":{"rendered":"Permanences d\u2019\u00e9t\u00e9 \u00e0 la biblioth\u00e8que et au cabinet de soins."},"content":{"rendered":"<p><strong>Permanences d\u2019\u00e9t\u00e9 \u00e0 la biblioth\u00e8que<\/strong><\/p>\n<p>Pendant les mois de juillet et ao\u00fbt, la biblioth\u00e8que est ouverte <strong>uniquement les samedis matins<\/strong> ( sauf le samedi 15 ao\u00fbt) de 10h \u00e0 11h30.<\/p>\n<p><!--more--><\/p>\n<p><a href=\"http:\/\/ville-sous-anjou.fr\/wp-content\/uploads\/2015\/07\/biblio.jpg\"><img loading=\"lazy\" decoding=\"async\" class=\"alignnone size-medium wp-image-1002\" src=\"http:\/\/ville-sous-anjou.fr\/wp-content\/uploads\/2015\/07\/biblio-300x200.jpg\" alt=\"biblio\" width=\"300\" height=\"200\" srcset=\"https:\/\/ville-sous-anjou.fr\/wp-content\/uploads\/2015\/07\/biblio-300x200.jpg 300w, https:\/\/ville-sous-anjou.fr\/wp-content\/uploads\/2015\/07\/biblio-1024x683.jpg 1024w, https:\/\/ville-sous-anjou.fr\/wp-content\/uploads\/2015\/07\/biblio.jpg 1383w\" sizes=\"auto, (max-width: 300px) 100vw, 300px\" \/><\/a><\/p>\n<p><strong>Permanences d\u2019\u00e9t\u00e9 au cabinet de soins<\/strong><\/p>\n<p><strong>Le cabinet de soins des infirmi\u00e8res \u00e0 Ville sous Anjou <\/strong>sera ouvert <strong>uniquement les mercredis de 7h30 \u00e0 8h du 13 juillet au 11 septembre 2015.<\/strong><\/p>\n<p><a href=\"http:\/\/ville-sous-anjou.fr\/wp-content\/uploads\/2015\/07\/croixrouge.png\"><img loading=\"lazy\" decoding=\"async\" class=\"alignnone  wp-image-1000\" src=\"http:\/\/ville-sous-anjou.fr\/wp-content\/uploads\/2015\/07\/croixrouge.png\" alt=\"croixrouge\" width=\"236\" height=\"236\" srcset=\"https:\/\/ville-sous-anjou.fr\/wp-content\/uploads\/2015\/07\/croixrouge.png 287w, https:\/\/ville-sous-anjou.fr\/wp-content\/uploads\/2015\/07\/croixrouge-150x150.png 150w\" sizes=\"auto, (max-width: 236px) 100vw, 236px\" \/><\/a><\/p>\n<p>&nbsp;<\/p>\n","protected":false},"excerpt":{"rendered":"<p>Permanences d\u2019\u00e9t\u00e9 \u00e0 la biblioth\u00e8que Pendant les mois de juillet et ao\u00fbt, la biblioth\u00e8que est ouverte uniquement les samedis matins ( sauf le samedi 15 ao\u00fbt) de 10h \u00e0 11h30.<\/p>\n","protected":false},"author":1,"featured_media":1002,"comment_status":"closed","ping_status":"closed","sticky":false,"template":"","format":"standard","meta":{"_exactmetrics_skip_tracking":false,"_exactmetrics_sitenote_active":false,"_exactmetrics_sitenote_note":"","_exactmetrics_sitenote_category":0,"footnotes":""},"categories":[2],"tags":[],"class_list":["post-998","post","type-post","status-publish","format-standard","has-post-thumbnail","hentry","category-actu"],"_links":{"self":[{"href":"https:\/\/ville-sous-anjou.fr\/index.php?rest_route=\/wp\/v2\/posts\/998","targetHints":{"allow":["GET"]}}],"collection":[{"href":"https:\/\/ville-sous-anjou.fr\/index.php?rest_route=\/wp\/v2\/posts"}],"about":[{"href":"https:\/\/ville-sous-anjou.fr\/index.php?rest_route=\/wp\/v2\/types\/post"}],"author":[{"embeddable":true,"href":"https:\/\/ville-sous-anjou.fr\/index.php?rest_route=\/wp\/v2\/users\/1"}],"replies":[{"embeddable":true,"href":"https:\/\/ville-sous-anjou.fr\/index.php?rest_route=%2Fwp%2Fv2%2Fcomments&post=998"}],"version-history":[{"count":2,"href":"https:\/\/ville-sous-anjou.fr\/index.php?rest_route=\/wp\/v2\/posts\/998\/revisions"}],"predecessor-version":[{"id":1006,"href":"https:\/\/ville-sous-anjou.fr\/index.php?rest_route=\/wp\/v2\/posts\/998\/revisions\/1006"}],"wp:featuredmedia":[{"embeddable":true,"href":"https:\/\/ville-sous-anjou.fr\/index.php?rest_route=\/wp\/v2\/media\/1002"}],"wp:attachment":[{"href":"https:\/\/ville-sous-anjou.fr\/index.php?rest_route=%2Fwp%2Fv2%2Fmedia&parent=998"}],"wp:term":[{"taxonomy":"category","embeddable":true,"href":"https:\/\/ville-sous-anjou.fr\/index.php?rest_route=%2Fwp%2Fv2%2Fcategories&post=998"},{"taxonomy":"post_tag","embeddable":true,"href":"https:\/\/ville-sous-anjou.fr\/index.php?rest_route=%2Fwp%2Fv2%2Ftags&post=998"}],"curies":[{"name":"wp","href":"https:\/\/api.w.org\/{rel}","templated":true}]}}